{"id":35219,"date":"2023-01-09T12:15:29","date_gmt":"2023-01-09T18:15:29","guid":{"rendered":"https:\/\/encuentroinformativo.com.mx\/?p=35219"},"modified":"2023-01-09T12:15:33","modified_gmt":"2023-01-09T18:15:33","slug":"se-reanudara-operativo-mochila-sev","status":"publish","type":"post","link":"https:\/\/encuentroinformativo.com.mx\/?p=35219","title":{"rendered":"Se reanudar\u00e1 Operativo Mochila: SEV"},"content":{"rendered":"\n<p><strong>Dar\u00edo Pale<\/strong><\/p>\n\n\n\n<p>Xalapa, Ver.- El Secretario de Educaci\u00f3n de Veracruz Zenyazen Escobar Garc\u00eda, dio a conocer que inicia el operativo Mochila en secundarias, adem\u00e1s de que representaran a M\u00e9xico en Estados Unidos por ser de los mejores evaluados a nivel Latinoamerica.<\/p>\n\n\n\n<p>En entrevista se\u00f1al\u00f3 que despu\u00e9s del regreso a clases en este a\u00f1o, el Operativo Mochila se llevar\u00e1 a cabo en primer, segundo y tercer grado de secundarias, adem\u00e1s detall\u00f3 que se han revisado m\u00e1s de 25 mil mochilas de igual n\u00famero de estudiantes de 300 instituciones.<\/p>\n\n\n\n<p>Asimismo, coment\u00f3 que en dichos operativos han participado m\u00e1s de 3 mil padres de familia, por lo que continuar\u00e1n trabajando de la misma manera.<\/p>\n\n\n\n<p>Destac\u00f3 que el viernes de la semana pasada, en M\u00e9rida expuso las medidas de prevenci\u00f3n que han estado aplicando en los planteles, lo cual le interes\u00f3 a la secretaria federal, Leticia Ram\u00edrez Amaya.<\/p>\n\n\n\n<p>En otro orden de ideas se\u00f1al\u00f3 que en los dos a\u00f1os que restan de la administraci\u00f3n, buscar\u00e1n ubicarse entre las cinco entidades mejor evaluadas en el pa\u00eds por <em>Mejor Edu<\/em>.<\/p>\n\n\n\n<p>&#8220;Si estamos entre los diez mejores, queremos llegar al quinto. A finales de este mes me voy a Washington, voy a la ponencia de las AFIS (Aprendizajes Fundamentales Imprescindibles), vamos representando al pa\u00eds.\u00a0<\/p>\n\n\n\n<p>&#8220;Fuimos de los mejores evaluados de Latinoam\u00e9rica y por ello la invitaci\u00f3n del gobierno de los Estados Unidos y de la Unesco&#8221;, subray\u00f3.<\/p>\n","protected":false},"excerpt":{"rendered":"<p>Dar\u00edo Pale Xalapa, Ver.- El Secretario de Educaci\u00f3n de Veracruz Zenyazen Escobar Garc\u00eda, dio a conocer que inicia el operativo Mochila en secundarias, adem\u00e1s de que representaran a M\u00e9xico en Estados Unidos por ser de los mejores evaluados a nivel Latinoamerica. En entrevista se\u00f1al\u00f3 que despu\u00e9s del regreso a clases en este a\u00f1o, el Operativo [&hellip;]<\/p>\n","protected":false},"author":2476,"featured_media":35220,"comment_status":"open","ping_status":"open","sticky":false,"template":"","format":"standard","meta":{"_jetpack_memberships_contains_paid_content":false,"footnotes":""},"categories":[2],"tags":[],"class_list":["post-35219","post","type-post","status-publish","format-standard","has-post-thumbnail","hentry","category-estado"],"jetpack_featured_media_url":"https:\/\/encuentroinformativo.com.mx\/wp-content\/uploads\/2023\/01\/IMG-20230109-WA0027.jpg","jetpack_sharing_enabled":true,"jetpack_likes_enabled":true,"amp_enabled":true,"_links":{"self":[{"href":"https:\/\/encuentroinformativo.com.mx\/index.php?rest_route=\/wp\/v2\/posts\/35219","targetHints":{"allow":["GET"]}}],"collection":[{"href":"https:\/\/encuentroinformativo.com.mx\/index.php?rest_route=\/wp\/v2\/posts"}],"about":[{"href":"https:\/\/encuentroinformativo.com.mx\/index.php?rest_route=\/wp\/v2\/types\/post"}],"author":[{"embeddable":true,"href":"https:\/\/encuentroinformativo.com.mx\/index.php?rest_route=\/wp\/v2\/users\/2476"}],"replies":[{"embeddable":true,"href":"https:\/\/encuentroinformativo.com.mx\/index.php?rest_route=%2Fwp%2Fv2%2Fcomments&post=35219"}],"version-history":[{"count":1,"href":"https:\/\/encuentroinformativo.com.mx\/index.php?rest_route=\/wp\/v2\/posts\/35219\/revisions"}],"predecessor-version":[{"id":35221,"href":"https:\/\/encuentroinformativo.com.mx\/index.php?rest_route=\/wp\/v2\/posts\/35219\/revisions\/35221"}],"wp:featuredmedia":[{"embeddable":true,"href":"https:\/\/encuentroinformativo.com.mx\/index.php?rest_route=\/wp\/v2\/media\/35220"}],"wp:attachment":[{"href":"https:\/\/encuentroinformativo.com.mx\/index.php?rest_route=%2Fwp%2Fv2%2Fmedia&parent=35219"}],"wp:term":[{"taxonomy":"category","embeddable":true,"href":"https:\/\/encuentroinformativo.com.mx\/index.php?rest_route=%2Fwp%2Fv2%2Fcategories&post=35219"},{"taxonomy":"post_tag","embeddable":true,"href":"https:\/\/encuentroinformativo.com.mx\/index.php?rest_route=%2Fwp%2Fv2%2Ftags&post=35219"}],"curies":[{"name":"wp","href":"https:\/\/api.w.org\/{rel}","templated":true}]}}