{"id":35225,"date":"2023-01-09T12:49:01","date_gmt":"2023-01-09T18:49:01","guid":{"rendered":"https:\/\/encuentroinformativo.com.mx\/?p=35225"},"modified":"2023-01-09T12:49:05","modified_gmt":"2023-01-09T18:49:05","slug":"iniciarian-reparacion-del-bulevar-xalapa-coatepec","status":"publish","type":"post","link":"https:\/\/encuentroinformativo.com.mx\/?p=35225","title":{"rendered":"Iniciar\u00edan reparaci\u00f3n del bulevar Xalapa &#8211; Coatepec"},"content":{"rendered":"\n<p><strong>Juan Arcos <\/strong><\/p>\n\n\n\n<p>Xalapa, Ver.- Autoridades locales y estatales contin\u00faan aplazando los trabajos para la reparaci\u00f3n del bulevar Xalapa-Coatepec, tambi\u00e9n conocido como la \u201cpista de hielo\u201d ante los constantes percances viales cuando llueve.<\/p>\n\n\n\n<p>Se hab\u00eda anunciado que la obra para el reencarpetado de la carretera iniciar\u00eda antes de que culminara el a\u00f1o 2022, pero no fue as\u00ed.<\/p>\n\n\n\n<p>Sin embargo, el alcalde de Coatepec, Raymundo Andrade Rivera, dio a conocer, a trav\u00e9s de un mensaje en sus redes sociales, que esta semana arrancar\u00edan los trabajos, pero no revel\u00f3 la fecha espec\u00edfica.<\/p>\n\n\n\n<p>El edil morenista record\u00f3 que se har\u00e1 el reencarpetamiento de la v\u00eda de comunicaci\u00f3n, desde su inicio, en la zona del Vel\u00f3dromo, hasta el acceso principal del Pueblo M\u00e1gico.<\/p>\n\n\n\n<p>A su juicio, esto se realizar\u00e1 con base en el reclamo ciudadano para la intervenci\u00f3n de la carretera, la cual es considerada insegura porque se vuelve \u201cresbalosa\u201d cuando llueve.<\/p>\n\n\n\n<p>\u201cYa que ocurren accidentes una vez que inician las lluvias y con ello vamos a tener menos accidentes\u201d, consider\u00f3 el Presidente Municipal.<\/p>\n\n\n\n<p>Andrade Rivera admiti\u00f3 que la obra podr\u00eda generar molestias a los conductores; sin embargo, insisti\u00f3 que los trabajos corresponden a una demanda ciudadana.<\/p>\n\n\n\n<p>La Secretar\u00eda de Infraestructura y Obras P\u00fablicas (SIOP) estar\u00e1 a cargo de la reparaci\u00f3n del bulevar Xalapa-Coatepec, con una inversi\u00f3n aproximada de 6 millones de pesos.<\/p>\n","protected":false},"excerpt":{"rendered":"<p>Juan Arcos Xalapa, Ver.- Autoridades locales y estatales contin\u00faan aplazando los trabajos para la reparaci\u00f3n del bulevar Xalapa-Coatepec, tambi\u00e9n conocido como la \u201cpista de hielo\u201d ante los constantes percances viales cuando llueve. Se hab\u00eda anunciado que la obra para el reencarpetado de la carretera iniciar\u00eda antes de que culminara el a\u00f1o 2022, pero no fue [&hellip;]<\/p>\n","protected":false},"author":2476,"featured_media":35226,"comment_status":"open","ping_status":"open","sticky":false,"template":"","format":"standard","meta":{"_jetpack_memberships_contains_paid_content":false,"footnotes":""},"categories":[8],"tags":[],"class_list":["post-35225","post","type-post","status-publish","format-standard","has-post-thumbnail","hentry","category-region"],"jetpack_featured_media_url":"https:\/\/encuentroinformativo.com.mx\/wp-content\/uploads\/2023\/01\/IMG_3464.jpg","jetpack_sharing_enabled":true,"jetpack_likes_enabled":true,"amp_enabled":true,"_links":{"self":[{"href":"https:\/\/encuentroinformativo.com.mx\/index.php?rest_route=\/wp\/v2\/posts\/35225","targetHints":{"allow":["GET"]}}],"collection":[{"href":"https:\/\/encuentroinformativo.com.mx\/index.php?rest_route=\/wp\/v2\/posts"}],"about":[{"href":"https:\/\/encuentroinformativo.com.mx\/index.php?rest_route=\/wp\/v2\/types\/post"}],"author":[{"embeddable":true,"href":"https:\/\/encuentroinformativo.com.mx\/index.php?rest_route=\/wp\/v2\/users\/2476"}],"replies":[{"embeddable":true,"href":"https:\/\/encuentroinformativo.com.mx\/index.php?rest_route=%2Fwp%2Fv2%2Fcomments&post=35225"}],"version-history":[{"count":1,"href":"https:\/\/encuentroinformativo.com.mx\/index.php?rest_route=\/wp\/v2\/posts\/35225\/revisions"}],"predecessor-version":[{"id":35227,"href":"https:\/\/encuentroinformativo.com.mx\/index.php?rest_route=\/wp\/v2\/posts\/35225\/revisions\/35227"}],"wp:featuredmedia":[{"embeddable":true,"href":"https:\/\/encuentroinformativo.com.mx\/index.php?rest_route=\/wp\/v2\/media\/35226"}],"wp:attachment":[{"href":"https:\/\/encuentroinformativo.com.mx\/index.php?rest_route=%2Fwp%2Fv2%2Fmedia&parent=35225"}],"wp:term":[{"taxonomy":"category","embeddable":true,"href":"https:\/\/encuentroinformativo.com.mx\/index.php?rest_route=%2Fwp%2Fv2%2Fcategories&post=35225"},{"taxonomy":"post_tag","embeddable":true,"href":"https:\/\/encuentroinformativo.com.mx\/index.php?rest_route=%2Fwp%2Fv2%2Ftags&post=35225"}],"curies":[{"name":"wp","href":"https:\/\/api.w.org\/{rel}","templated":true}]}}