{"id":35232,"date":"2023-01-09T13:06:36","date_gmt":"2023-01-09T19:06:36","guid":{"rendered":"https:\/\/encuentroinformativo.com.mx\/?p=35232"},"modified":"2023-01-09T13:06:38","modified_gmt":"2023-01-09T19:06:38","slug":"sector-hotelero-registro-repunte-en-2022","status":"publish","type":"post","link":"https:\/\/encuentroinformativo.com.mx\/?p=35232","title":{"rendered":"Sector hotelero registro repunte en 2022"},"content":{"rendered":"\n<p><strong>Alejandro \u00c1vila<\/strong><\/p>\n\n\n\n<p>Veracruz, Ver.- El sector empresarial en el municipio de Veracruz aumento sus cifras durante el 2022 comparado con el 2019, el \u00faltimo a\u00f1o previo a la pandemia.<\/p>\n\n\n\n<p>En rueda de prensa ofrecida en el Palacio Municipal, donde estuvo acompa\u00f1ada de los presidentes de las c\u00e1maras empresariales, la alcaldesa Patricia Lobeira Rodr\u00edguez, dio un informe total de las cifras en el sector empresarial durante el 2022.<\/p>\n\n\n\n<p>&#8220;En todos los sectores, en el sector empresarial, en el sector hotelero, en el turismo y ah\u00ed presentamos los datos en el sector hotelero, tuvimos un repunte incluso compar\u00e1ndolo con el 2019 qu\u00e9 fue un a\u00f1o antes de la pandemia, tuvieron un repunte del 12 por ciento. Tuvimos ocupaci\u00f3n hotelera en esta \u00e9poca decembrina del 93 por ciento en d\u00edas los pico, y como ya mencionaba el presidente, tenemos tambi\u00e9n un repunte importante en la duraci\u00f3n de la estancia, que eso no se ten\u00eda ya desde hace varios a\u00f1os, ya la gente se queda m\u00e1s de dos tres d\u00edas ya cumple la semana aqu\u00ed en Veracruz, lo cu\u00e1l es tambi\u00e9n muy importante para todos los comercios, tambi\u00e9n para los restauranteros&#8221;, puntualiz\u00f3.<\/p>\n\n\n\n<p>En el sector restaurantero, la edil panista dijo que en comparaci\u00f3n con el 2021, tuvieron un incremento en el 2022 de un 22 por ciento.<\/p>\n\n\n\n<p>&#8220;Tambi\u00e9n nos reportaban, todos los comercios vendieron en la temporada decembrina 580 millones en comparaci\u00f3n del 2019, qu\u00e9 es un a\u00f1o antes de la pandemia, en el cual vendieron alrededor de 250 millones. Entonces se duplicaron sus ventas en este 2022, en el a\u00f1o anterior&#8221;, remat\u00f3.<\/p>\n","protected":false},"excerpt":{"rendered":"<p>Alejandro \u00c1vila Veracruz, Ver.- El sector empresarial en el municipio de Veracruz aumento sus cifras durante el 2022 comparado con el 2019, el \u00faltimo a\u00f1o previo a la pandemia. En rueda de prensa ofrecida en el Palacio Municipal, donde estuvo acompa\u00f1ada de los presidentes de las c\u00e1maras empresariales, la alcaldesa Patricia Lobeira Rodr\u00edguez, dio un [&hellip;]<\/p>\n","protected":false},"author":2476,"featured_media":35233,"comment_status":"open","ping_status":"open","sticky":false,"template":"","format":"standard","meta":{"_jetpack_memberships_contains_paid_content":false,"footnotes":""},"categories":[2],"tags":[],"class_list":["post-35232","post","type-post","status-publish","format-standard","has-post-thumbnail","hentry","category-estado"],"jetpack_featured_media_url":"https:\/\/encuentroinformativo.com.mx\/wp-content\/uploads\/2023\/01\/IMG-20230109-WA0052.jpg","jetpack_sharing_enabled":true,"jetpack_likes_enabled":true,"amp_enabled":true,"_links":{"self":[{"href":"https:\/\/encuentroinformativo.com.mx\/index.php?rest_route=\/wp\/v2\/posts\/35232","targetHints":{"allow":["GET"]}}],"collection":[{"href":"https:\/\/encuentroinformativo.com.mx\/index.php?rest_route=\/wp\/v2\/posts"}],"about":[{"href":"https:\/\/encuentroinformativo.com.mx\/index.php?rest_route=\/wp\/v2\/types\/post"}],"author":[{"embeddable":true,"href":"https:\/\/encuentroinformativo.com.mx\/index.php?rest_route=\/wp\/v2\/users\/2476"}],"replies":[{"embeddable":true,"href":"https:\/\/encuentroinformativo.com.mx\/index.php?rest_route=%2Fwp%2Fv2%2Fcomments&post=35232"}],"version-history":[{"count":1,"href":"https:\/\/encuentroinformativo.com.mx\/index.php?rest_route=\/wp\/v2\/posts\/35232\/revisions"}],"predecessor-version":[{"id":35234,"href":"https:\/\/encuentroinformativo.com.mx\/index.php?rest_route=\/wp\/v2\/posts\/35232\/revisions\/35234"}],"wp:featuredmedia":[{"embeddable":true,"href":"https:\/\/encuentroinformativo.com.mx\/index.php?rest_route=\/wp\/v2\/media\/35233"}],"wp:attachment":[{"href":"https:\/\/encuentroinformativo.com.mx\/index.php?rest_route=%2Fwp%2Fv2%2Fmedia&parent=35232"}],"wp:term":[{"taxonomy":"category","embeddable":true,"href":"https:\/\/encuentroinformativo.com.mx\/index.php?rest_route=%2Fwp%2Fv2%2Fcategories&post=35232"},{"taxonomy":"post_tag","embeddable":true,"href":"https:\/\/encuentroinformativo.com.mx\/index.php?rest_route=%2Fwp%2Fv2%2Ftags&post=35232"}],"curies":[{"name":"wp","href":"https:\/\/api.w.org\/{rel}","templated":true}]}}