{"id":35238,"date":"2023-01-09T13:42:24","date_gmt":"2023-01-09T19:42:24","guid":{"rendered":"https:\/\/encuentroinformativo.com.mx\/?p=35238"},"modified":"2023-01-09T13:42:27","modified_gmt":"2023-01-09T19:42:27","slug":"aumento-movimiento-de-carga-en-veracruz-senala-canacar","status":"publish","type":"post","link":"https:\/\/encuentroinformativo.com.mx\/?p=35238","title":{"rendered":"Aument\u00f3 movimiento de carga en Veracruz, se\u00f1ala CANACAR"},"content":{"rendered":"\n<p><strong>Alejandro \u00c1vila<\/strong><\/p>\n\n\n\n<p>Veracruz, Ver.- El presidente del Consejo Coordinador Empresarial (CCE) de Veracruz, Luis Exsome Zapata reconoci\u00f3 que, durante el 2022 hubo un incremento en la carga que se movi\u00f3 en la zona portuaria de Veracruz.<\/p>\n\n\n\n<p>\u00c9l tambi\u00e9n presidente de la CANACAR Veracruz se\u00f1al\u00f3 que con los n\u00fameros con los que se cerr\u00f3 el 2022, d\u00f3nde hubo un crecimiento del 6 al 7 por ciento en el movimiento de carga de la zona portuaria comparaci\u00f3n con el 2021; el 2023 &#8220;pinta bien&#8221;.<\/p>\n\n\n\n<p>&#8220;Digamos que a lo mejor por los cierres en Europa, qu\u00e9 es el principal\u2026Alemania, Espa\u00f1a, Italia, son los principales pa\u00edses con los que tenemos intercambio comercial con el Puerto&nbsp; por las mismas fiestas baja un poco y se resiente hacia mediados o finales de enero, el incremento ha sido constante mes con mes, la idea es que se mantenga, no hay elementos por los cuales pensemos puede haber una recesi\u00f3n, ac\u00e1 el tipo de cambio est\u00e1 fuerte, inclusive al estar fortalecido el peso con el d\u00f3lar pero tambi\u00e9n con el euro, se puede dar un poco m\u00e1s el movimiento de mercanc\u00edas&#8221;, destac\u00f3.<\/p>\n\n\n\n<p>El empresario transportista dijo que ha sido importante los decretos que se han hecho a trav\u00e9s de Gobierno Federal para reducir aranceles de ciertas mercanc\u00edas, pues con ello se ha mejorado la exportaci\u00f3n e importaci\u00f3n.<\/p>\n\n\n\n<p>En otro tema, dijo que para 2023 continuar\u00e1 con su labor de gesti\u00f3n para que se elimin\u00e9 la caseta de cobro que se ubica en el municipio de Fort\u00edn de las Flores.<\/p>\n","protected":false},"excerpt":{"rendered":"<p>Alejandro \u00c1vila Veracruz, Ver.- El presidente del Consejo Coordinador Empresarial (CCE) de Veracruz, Luis Exsome Zapata reconoci\u00f3 que, durante el 2022 hubo un incremento en la carga que se movi\u00f3 en la zona portuaria de Veracruz. \u00c9l tambi\u00e9n presidente de la CANACAR Veracruz se\u00f1al\u00f3 que con los n\u00fameros con los que se cerr\u00f3 el 2022, [&hellip;]<\/p>\n","protected":false},"author":2476,"featured_media":35239,"comment_status":"open","ping_status":"open","sticky":false,"template":"","format":"standard","meta":{"_jetpack_memberships_contains_paid_content":false,"footnotes":""},"categories":[2],"tags":[],"class_list":["post-35238","post","type-post","status-publish","format-standard","has-post-thumbnail","hentry","category-estado"],"jetpack_featured_media_url":"https:\/\/encuentroinformativo.com.mx\/wp-content\/uploads\/2023\/01\/IMG-20230109-WA0062.jpg","jetpack_sharing_enabled":true,"jetpack_likes_enabled":true,"amp_enabled":true,"_links":{"self":[{"href":"https:\/\/encuentroinformativo.com.mx\/index.php?rest_route=\/wp\/v2\/posts\/35238","targetHints":{"allow":["GET"]}}],"collection":[{"href":"https:\/\/encuentroinformativo.com.mx\/index.php?rest_route=\/wp\/v2\/posts"}],"about":[{"href":"https:\/\/encuentroinformativo.com.mx\/index.php?rest_route=\/wp\/v2\/types\/post"}],"author":[{"embeddable":true,"href":"https:\/\/encuentroinformativo.com.mx\/index.php?rest_route=\/wp\/v2\/users\/2476"}],"replies":[{"embeddable":true,"href":"https:\/\/encuentroinformativo.com.mx\/index.php?rest_route=%2Fwp%2Fv2%2Fcomments&post=35238"}],"version-history":[{"count":1,"href":"https:\/\/encuentroinformativo.com.mx\/index.php?rest_route=\/wp\/v2\/posts\/35238\/revisions"}],"predecessor-version":[{"id":35240,"href":"https:\/\/encuentroinformativo.com.mx\/index.php?rest_route=\/wp\/v2\/posts\/35238\/revisions\/35240"}],"wp:featuredmedia":[{"embeddable":true,"href":"https:\/\/encuentroinformativo.com.mx\/index.php?rest_route=\/wp\/v2\/media\/35239"}],"wp:attachment":[{"href":"https:\/\/encuentroinformativo.com.mx\/index.php?rest_route=%2Fwp%2Fv2%2Fmedia&parent=35238"}],"wp:term":[{"taxonomy":"category","embeddable":true,"href":"https:\/\/encuentroinformativo.com.mx\/index.php?rest_route=%2Fwp%2Fv2%2Fcategories&post=35238"},{"taxonomy":"post_tag","embeddable":true,"href":"https:\/\/encuentroinformativo.com.mx\/index.php?rest_route=%2Fwp%2Fv2%2Ftags&post=35238"}],"curies":[{"name":"wp","href":"https:\/\/api.w.org\/{rel}","templated":true}]}}