{"id":3524,"date":"2020-06-22T09:21:18","date_gmt":"2020-06-22T14:21:18","guid":{"rendered":"https:\/\/encuentroinformativo.com\/?p=3524"},"modified":"2020-06-22T09:21:26","modified_gmt":"2020-06-22T14:21:26","slug":"alianzas-y-militancia","status":"publish","type":"post","link":"https:\/\/encuentroinformativo.com.mx\/?p=3524","title":{"rendered":"Alianzas y militancia"},"content":{"rendered":"\n<p><em>Los Pol\u00edticos\u00a0<\/em><\/p>\n\n\n\n<p><strong>Salvador Mu\u00f1oz<\/strong><\/p>\n\n\n\n<p>Nuestra democracia es tan bondadosa que nos permite casi todo\u2026 tenemos los gobiernos que queremos, los presidentes que elegimos, los diputados que nos representan, los alcaldes que nos gobiernan\u2026 \u00a1vamos! hasta tenemos partidos viejos, eternos, modernos y de reciente creaci\u00f3n\u2026 \u00bfqu\u00e9 m\u00e1s nos puede dar nuestra democracia adem\u00e1s de candidatos independientes? \u00a1Alianzas!<\/p>\n\n\n\n<p>Las alianzas entiendo, sirven para fortalecer a los partidos, sea los que est\u00e9n en el poder para mantenerse en el poder, como para los que aspiran al poder\u2026 en alg\u00fan rec\u00f3ndito espacio de estas mezclas partidistas debe haber un beneficio para el ciudadano, que vaya m\u00e1s all\u00e1 de la combinaci\u00f3n de colores y nombres rimbombantes que exalten las bondades de nuestra democracia\u2026 lo sigo buscando\u2026 mientras, tanto en el pa\u00eds como en nuestra entidad, la posibilidad de las alianzas se espolvorea, se permea, en aras de que no nos sorprenda ninguna combinaci\u00f3n rara, como a quien se le ocurri\u00f3 vender paletas de dulce espolvoreadas de chilito\u2026 o la alianza PAN-PRD\u2026<\/p>\n\n\n\n<p>Me dec\u00eda Jos\u00e9 Luis Enr\u00edquez Ambell que en pol\u00edtica todo es posible \u00a1hasta lo impensable! La posible alianza Verde con Morena no sorprende\u2026 es m\u00e1s, hasta parece cantada\u2026 a muchos la otra posibilidad, PAN-PRI, es la extraordinaria cuando Morena pudiera ser capaz de unir a dos ac\u00e9rrimos rivales como lo son \u00e9stos\u2026 y ac\u00e1 no vale el dicho aquel de que \u201cel enemigo de mi enemigo es mi amigo\u201d&#8230;<\/p>\n\n\n\n<p>\u00a1No se espante por imaginarlo! Acu\u00e9rdense de la alianza PAN-PRD en Veracruz y \u00a1miren! sac\u00f3 al PRI del poder asentado por a\u00f1os\u2026<\/p>\n\n\n\n<p>Supongo que hablar de la alianza PAN-PRI no es tan complicado como \u201cmeter el chip\u201d en el militante (sea de un bando o del otro), y conste, hay quienes de seguro, panistas y pri\u00edstas, en estos momentos de la lectura, se han de sentir molestos nom\u00e1s de pensarlo\u2026 es normal\u2026&nbsp; Si ya bastante inc\u00f3modo para el militante de hueso colorado o sangre azul ser\u00eda esta alianza, imagine la reacci\u00f3n del ciudadano ante esta aleaci\u00f3n\u2026<\/p>\n\n\n\n<p>Un obst\u00e1culo igual a saltar ser\u00eda la designaci\u00f3n de candidatos\u2026 (tanto para oposici\u00f3n como partido en el poder) \u00bfc\u00f3mo generar credibilidad y confianza? \u00a1Uta! Debe ser un militante con altos rangos de aceptaci\u00f3n, cola corta y honorabilidad a prueba\u2026 y si no, \u00a1un ciudadano con las mismas caracter\u00edsticas!<\/p>\n\n\n\n<p>\u00bfNo los hay? \u00a1S\u00ed! S\u00ed hay\u2026 pero corremos el riesgo de que sean eso, buenos candidatos pero malos administradores o legisladores\u2026 y baste echar un ojo nom\u00e1s al Congreso local o algunos ayuntamientos donde podemos encontrar malos y buenos ejemplos&#8230;&nbsp;<\/p>\n\n\n\n<p>El reto para todos es encontrar buenos candidatos y m\u00e1s si hay alianzas\u2026 y es tan complicado\u2026 insisto: para ambos, oposici\u00f3n y poder. Complicado pero no imposible\u2026 ejemplos, tenemos varios: Ricardo Ahued, que de una candidatura ciudadana acompa\u00f1ada de un partido, ha escalado las altas esferas del poder; ah\u00ed est\u00e1 David Velasco Chedraui quien no es mal visto como potencial candidato y ya sabe lo que es una alcald\u00eda y el trabajo legislativo; Octavio P\u00e9rez Garay, hoy alcalde de San Andr\u00e9s&nbsp;Tuxtla que lleg\u00f3 como Independiente; hay quienes ven a Lino Jim\u00e9nez como una posibilidad para contender por una curul (federal o local) y no precisamente por el PVEM\u2026 aunque claro, ac\u00e1 hablamos ya de experiencia en la pol\u00edtica y administraci\u00f3n\u2026 pero creo que nos estamos adelantando mucho y debimos iniciar con lo b\u00e1sico:<\/p>\n\n\n\n<p>\u00bfLa militancia de la oposici\u00f3n est\u00e1 de acuerdo con hacer alianzas con partidos con los que hay ideolog\u00edas totalmente diferentes en aras de derrotar a quien est\u00e1 en el poder? \u00bfY los militantes del partido en el poder est\u00e1n de acuerdo en hacer alianza con quienes han hecho de la pol\u00edtica, un negocio para venderse al mejor postor? Creo que por all\u00ed debimos empezar\u2026 por escuchar a la militancia que opina de esta posibilidad.<\/p>\n\n\n\n<p><a href=\"mailto:smcainito@gmail.com\" target=\"_blank\" rel=\"noreferrer noopener\">smcainito@gmail.com<\/a><\/p>\n\n\n\n<p><\/p>\n","protected":false},"excerpt":{"rendered":"<p>Los Pol\u00edticos\u00a0 Salvador Mu\u00f1oz Nuestra democracia es tan bondadosa que nos permite casi todo\u2026 tenemos los gobiernos que queremos, los presidentes que elegimos, los diputados que nos representan, los alcaldes que nos gobiernan\u2026 \u00a1vamos! hasta tenemos partidos viejos, eternos, modernos y de reciente creaci\u00f3n\u2026 \u00bfqu\u00e9 m\u00e1s nos puede dar nuestra democracia adem\u00e1s de candidatos independientes? [&hellip;]<\/p>\n","protected":false},"author":1,"featured_media":387,"comment_status":"open","ping_status":"open","sticky":false,"template":"","format":"standard","meta":{"_jetpack_memberships_contains_paid_content":false,"footnotes":""},"categories":[11],"tags":[],"class_list":["post-3524","post","type-post","status-publish","format-standard","has-post-thumbnail","hentry","category-opinion"],"jetpack_featured_media_url":"https:\/\/encuentroinformativo.com.mx\/wp-content\/uploads\/2020\/03\/7CF8A22B-2764-47BE-8F7F-38FE9E5D6A2F.jpeg","jetpack_sharing_enabled":true,"jetpack_likes_enabled":true,"amp_enabled":true,"_links":{"self":[{"href":"https:\/\/encuentroinformativo.com.mx\/index.php?rest_route=\/wp\/v2\/posts\/3524","targetHints":{"allow":["GET"]}}],"collection":[{"href":"https:\/\/encuentroinformativo.com.mx\/index.php?rest_route=\/wp\/v2\/posts"}],"about":[{"href":"https:\/\/encuentroinformativo.com.mx\/index.php?rest_route=\/wp\/v2\/types\/post"}],"author":[{"embeddable":true,"href":"https:\/\/encuentroinformativo.com.mx\/index.php?rest_route=\/wp\/v2\/users\/1"}],"replies":[{"embeddable":true,"href":"https:\/\/encuentroinformativo.com.mx\/index.php?rest_route=%2Fwp%2Fv2%2Fcomments&post=3524"}],"version-history":[{"count":1,"href":"https:\/\/encuentroinformativo.com.mx\/index.php?rest_route=\/wp\/v2\/posts\/3524\/revisions"}],"predecessor-version":[{"id":3525,"href":"https:\/\/encuentroinformativo.com.mx\/index.php?rest_route=\/wp\/v2\/posts\/3524\/revisions\/3525"}],"wp:featuredmedia":[{"embeddable":true,"href":"https:\/\/encuentroinformativo.com.mx\/index.php?rest_route=\/wp\/v2\/media\/387"}],"wp:attachment":[{"href":"https:\/\/encuentroinformativo.com.mx\/index.php?rest_route=%2Fwp%2Fv2%2Fmedia&parent=3524"}],"wp:term":[{"taxonomy":"category","embeddable":true,"href":"https:\/\/encuentroinformativo.com.mx\/index.php?rest_route=%2Fwp%2Fv2%2Fcategories&post=3524"},{"taxonomy":"post_tag","embeddable":true,"href":"https:\/\/encuentroinformativo.com.mx\/index.php?rest_route=%2Fwp%2Fv2%2Ftags&post=3524"}],"curies":[{"name":"wp","href":"https:\/\/api.w.org\/{rel}","templated":true}]}}