{"id":35247,"date":"2023-01-09T15:41:50","date_gmt":"2023-01-09T21:41:50","guid":{"rendered":"https:\/\/encuentroinformativo.com.mx\/?p=35247"},"modified":"2023-01-09T15:41:53","modified_gmt":"2023-01-09T21:41:53","slug":"xalapa-tendra-plan-b-en-vialidad-gobernador","status":"publish","type":"post","link":"https:\/\/encuentroinformativo.com.mx\/?p=35247","title":{"rendered":"Xalapa tendr\u00e1 &#8220;plan B&#8221; en vialidad: Gobernador"},"content":{"rendered":"\n<p><strong>Dar\u00edo Pale <\/strong><\/p>\n\n\n\n<p>Xalapa, Ver.- Ya no les dar\u00e1 tiempo de realizar el proyecto del tren ligero en Xalapa para atender los problemas de vialidad, por lo que se aplicar\u00e1 un plan B este a\u00f1o, as\u00ed lo dio a conocer el gobernador del estado Cuitl\u00e1huac Garc\u00eda Jim\u00e9nez.<\/p>\n\n\n\n<p>En conferencia de prensa se\u00f1al\u00f3 que, \u201cse inicia el Plan B este a\u00f1o, lo del tren ligero no se va a acabar, el tiempo no nos va a dar, se agot\u00f3 el tiempo, por lo tanto arrancamos con el plan B\u201d.<\/p>\n\n\n\n<p>La obra consistir\u00e1 en construir dos puentes sobre la avenida L\u00e1zaro C\u00e1rdenas. Para desahogar el tr\u00e1fico en la zona de Las Trancas, se construir\u00e1 uno a la altura de la plaza Urban Center, a la altura de la cervecera La Corona.\u00a0<\/p>\n\n\n\n<p>\u201cEn esa zona hay dos sem\u00e1foros, vamos a hacer un puente largo para que d\u00e9 cabida a dos pasos y los que pasen vayan por arriba y los que tengan que salir a las laterales puedan cruzar la parte de abajo del puente, debe tener la capacidad del puente Bicentenario\u201d, se\u00f1al\u00f3.<\/p>\n\n\n\n<p>Explic\u00f3 que esta obra se realizar\u00e1 una vez que concluya la rehabilitaci\u00f3n que actualmente realiza el Ayuntamiento sobre esta avenida.\u00a0<\/p>\n\n\n\n<p>De igual forma se ampliar\u00e1 la misma avenida en el tramo de Las Trancas hacia la araucaria \u201cvamos a hacer una ampliaci\u00f3n. Son peque\u00f1as obras que van a ayudar a que el flujo sea mucho mejor\u201d.<\/p>\n\n\n\n<p>Garc\u00eda Jim\u00e9nez detall\u00f3 que se adecuar\u00e1 una salida a la Estancia Garnica para evitar el cuello de botella que se hace de la avenida Murillo Vidal hacia L\u00e1zaro C\u00e1rdenas, para ello se ampliar\u00e1 de dos a tres carriles.\u00a0<\/p>\n\n\n\n<p>Finalmente destac\u00f3 que estos proyectos los realizar\u00e1 el gobierno estatal en coordinaci\u00f3n con el ayuntamiento de Xalapa.<\/p>\n","protected":false},"excerpt":{"rendered":"<p>Dar\u00edo Pale Xalapa, Ver.- Ya no les dar\u00e1 tiempo de realizar el proyecto del tren ligero en Xalapa para atender los problemas de vialidad, por lo que se aplicar\u00e1 un plan B este a\u00f1o, as\u00ed lo dio a conocer el gobernador del estado Cuitl\u00e1huac Garc\u00eda Jim\u00e9nez. En conferencia de prensa se\u00f1al\u00f3 que, \u201cse inicia el [&hellip;]<\/p>\n","protected":false},"author":2476,"featured_media":7317,"comment_status":"open","ping_status":"open","sticky":false,"template":"","format":"standard","meta":{"_jetpack_memberships_contains_paid_content":false,"footnotes":""},"categories":[3],"tags":[],"class_list":["post-35247","post","type-post","status-publish","format-standard","has-post-thumbnail","hentry","category-xalapa"],"jetpack_featured_media_url":"https:\/\/encuentroinformativo.com.mx\/wp-content\/uploads\/2020\/10\/8703C691-4FDD-40C2-A4C3-C0EB4EE007D0.jpeg","jetpack_sharing_enabled":true,"jetpack_likes_enabled":true,"amp_enabled":true,"_links":{"self":[{"href":"https:\/\/encuentroinformativo.com.mx\/index.php?rest_route=\/wp\/v2\/posts\/35247","targetHints":{"allow":["GET"]}}],"collection":[{"href":"https:\/\/encuentroinformativo.com.mx\/index.php?rest_route=\/wp\/v2\/posts"}],"about":[{"href":"https:\/\/encuentroinformativo.com.mx\/index.php?rest_route=\/wp\/v2\/types\/post"}],"author":[{"embeddable":true,"href":"https:\/\/encuentroinformativo.com.mx\/index.php?rest_route=\/wp\/v2\/users\/2476"}],"replies":[{"embeddable":true,"href":"https:\/\/encuentroinformativo.com.mx\/index.php?rest_route=%2Fwp%2Fv2%2Fcomments&post=35247"}],"version-history":[{"count":1,"href":"https:\/\/encuentroinformativo.com.mx\/index.php?rest_route=\/wp\/v2\/posts\/35247\/revisions"}],"predecessor-version":[{"id":35248,"href":"https:\/\/encuentroinformativo.com.mx\/index.php?rest_route=\/wp\/v2\/posts\/35247\/revisions\/35248"}],"wp:featuredmedia":[{"embeddable":true,"href":"https:\/\/encuentroinformativo.com.mx\/index.php?rest_route=\/wp\/v2\/media\/7317"}],"wp:attachment":[{"href":"https:\/\/encuentroinformativo.com.mx\/index.php?rest_route=%2Fwp%2Fv2%2Fmedia&parent=35247"}],"wp:term":[{"taxonomy":"category","embeddable":true,"href":"https:\/\/encuentroinformativo.com.mx\/index.php?rest_route=%2Fwp%2Fv2%2Fcategories&post=35247"},{"taxonomy":"post_tag","embeddable":true,"href":"https:\/\/encuentroinformativo.com.mx\/index.php?rest_route=%2Fwp%2Fv2%2Ftags&post=35247"}],"curies":[{"name":"wp","href":"https:\/\/api.w.org\/{rel}","templated":true}]}}