{"id":3526,"date":"2020-06-22T09:48:20","date_gmt":"2020-06-22T14:48:20","guid":{"rendered":"https:\/\/encuentroinformativo.com\/?p=3526"},"modified":"2020-06-22T09:48:23","modified_gmt":"2020-06-22T14:48:23","slug":"convendra-alianza-morena-verde-en-veracruz","status":"publish","type":"post","link":"https:\/\/encuentroinformativo.com.mx\/?p=3526","title":{"rendered":"\u00bfCONVENDR\u00c1 ALIANZA MORENA-VERDE EN VERACRUZ?"},"content":{"rendered":"\n<ul class=\"wp-block-list\"><li>Descanse en paz, maestra Lucina.<\/li><li>FGE atrapa al Oaxaco, secuestrador de petroleros en el sur.<\/li><li>Regidor de Veracruz agarra a tubazos a su pariente.<\/li><\/ul>\n\n\n\n<p>S\u00f3lo en Xalapa: duelo de espadachines con machetes en v\u00edsperas del D\u00eda del Padre, en plena avenida Miguel Alem\u00e1n<br>\n&#8211;Chopenjawer<\/p>\n\n\n\n<p>Si bien, a nivel nacional, no es extra\u00f1o que el Partido Verde establezca alianzas con quien le conviene para sobrevivir y estar de lado del partido dominante, en la aldea esto pudiera ser contraproducente.<\/p>\n\n\n\n<p>A nadie sorprende que el Partido Verde ahora sea de &#8220;izquierda&#8221;, esto despu\u00e9s de haber apoyado con todo a la ultraderecha conservadora del PAN y a su candidato presidencial Vicente Fox Quesada en el 2000, para luego cambiar de aires y aliarse al priismo renaciente que recuper\u00f3 (tantito) Los Pinos en 2012, con Pe\u00f1a Nieto.<\/p>\n\n\n\n<p>Quiz\u00e1 el exgobernador de Chiapas, Manuel Velasco Coello (se sabe de la cercan\u00eda entre el abuelo del senador chiapaneco con el presidente de la rep\u00fablica) sea el factor que a nivel nacional m\u00e1s influye para que el Partido Verde ahora se una en un frente en defensa del presidente Andr\u00e9s Manuel L\u00f3pez Obrador y adem\u00e1s abra la posibilidad de una alianza electoral.<\/p>\n\n\n\n<p>\u00bfPero qu\u00e9 tanto le convendr\u00e1 a MORENA aliarse al Partido Verde en Veracruz? Aqu\u00ed ya la din\u00e1mica es otra y no tiene nada qu\u00e9 ver los lazos afectivos que puedan tener AMLO y el abuelito de Velasco.<\/p>\n\n\n\n<p>Para empezar, el Verde est\u00e1 \u00edntimamente ligado al exgobernador Fidel Herrera Beltr\u00e1n; de hecho, uno de sus hijos, Javier Herrera Borunda, fue diputado federal por este partido en la pasada legislatura y es actual coordinador de la agenda legislativa del PVEM en el Senado. Al joven pol\u00edtico, por cierto, ya lo ven como un personaje clave para el futuro de Veracruz.<\/p>\n\n\n\n<p>El Comit\u00e9 Estatal del PVEM es encabezado en Veracruz por Carlos Marcelo Ruiz S\u00e1nchez, otro personaje que se ha mencionado constantemente como parte del grupo de los fidelistas; incluso fue funcionario estatal de la Secretar\u00eda de Desarrollo Social en el gobierno de Duarte. El mismo Carlos Marcelo es quien reporta tambi\u00e9n directamente al exgobernador Herrera Beltr\u00e1n y pasa fichas informativas.<\/p>\n\n\n\n<p>Uno de los ataques constantes contra MORENA por parte de los grupos opositores, especialmente del PAN en Veracruz &#8211;concretamente del ala yunista&#8211; es que supuestamente los &#8220;morenos&#8221; pactaron con el exgobernador Javier Duarte y grupos afines a este, lo que no se ha confirmado en realidad.<\/p>\n\n\n\n<p>Pero ahora, al surgir el Frente Nacional para la Defensa del Gobierno de AMLO donde se incluye al PVEM, esta ser\u00eda la oportunidad de oro molido que le puede dar material a la oposici\u00f3n para justificar sus se\u00f1alamientos en Veracruz, al estar personajes fidelistas\/duartistas instalados en el Partido Verde y controlando dicho instituto pol\u00edtico en la entidad.<\/p>\n\n\n\n<p>Precisamente una de las cr\u00edticas constantes del presidente L\u00f3pez Obrador, especialmente cuando visita Veracruz, es que los anteriores gobernadores fueron una desgracia para Veracruz: saquearon y dejaron a la entidad sumida en la jodidez. Es enf\u00e1tico cuando (incluso sin decir nombres) se refiere a que la entidad es rica, casi una rep\u00fablica, pero tiene un pueblo pobre debido a la clase pol\u00edtica que rob\u00f3 en sexenios anteriores.<\/p>\n\n\n\n<p>Y pues no hay que ser genios jarochos para saber a qui\u00e9nes se refiere. La sorpresa ser\u00eda que en Veracruz &#8211;si se da la alianza Verde\/Morena&#8211; sea que precisamente le den entrada a personajes ligados a esos gobiernos.<\/p>\n\n\n\n<p>Es posible que la c\u00fapula de MORENA en Veracruz est\u00e9 consciente de la situaci\u00f3n anterior y se desmarque del Partido Verde en un momento clave, pues al menos en la entidad no se ve una cercan\u00eda de facto, ni alianza anunciada, y si acaso el PVEM s\u00f3lo ha dado se\u00f1ales de coqueteo al votar en el Congreso a favor de los intereses del partido lopezobradorista como el caso de la reforma electoral y cuyos ayuntamientos verdecinos respaldaron.<\/p>\n\n\n\n<p>De hecho, en MORENA-Veracruz todav\u00eda est\u00e1n en la onda de qui\u00e9n o qui\u00e9nes ser\u00e1n los dirigentes, as\u00ed que en una de esas todav\u00eda va para largo que se pongan de acuerdo.<\/p>\n\n\n\n<p><strong>NOTA PARA PEGAR EN EL REFRI: <\/strong>Nos enteramos este fin de semana del sensible fallecimiento de la prestigiada abogada y maestra Lucina Gonz\u00e1lez Facundo. Ampliamente conocida en Minatitl\u00e1n y Xalapa por su labor period\u00edstica y docente; profesora de muchas generaciones en universidades como la Universidad del Golfo de M\u00e9xico Campus Minatitl\u00e1n, donde nos dio c\u00e1tedra de Pensamiento Latinoamericano. La conocimos antes en el Caf\u00e9 Literario de Minatitl\u00e1n, que reun\u00eda a periodistas como Blandelino Alor, figurones como el arqui Fernando V\u00e1zquez Chagoya y escritores de la talla de Luis Ch\u00e1vez F\u00f3cil. Lucina era una mujer brillante, digna de admiraci\u00f3n y ser\u00e1 muy recordada. Descanse en paz, querida maestra.<\/p>\n\n\n\n<p><strong>OTRA NOTA: <\/strong>La Fiscal\u00eda General del Estado a trav\u00e9s de la Unidad Especializada en Combate al Secuestro (UECS), obtuvo la vinculaci\u00f3n a proceso de Azael &#8220;N&#8221; alias &#8220;Oaxaco&#8221;, por el presunto delito de secuestro. Azael &#8220;N&#8221; alias &#8220;Oaxaco&#8221;, presuntamente cometi\u00f3 diversos secuestros donde priv\u00f3 de la vida a sus v\u00edctimas, en los municipios de Minatitl\u00e1n y Coatzacoalcos durante los a\u00f1os 2016 y 2017, secuestraba principalmente a mujeres trabajadoras de Petr\u00f3leos Mexicanos (PEMEX). Por estos hechos la FGE inici\u00f3 trabajos de inteligencia e investigaci\u00f3n, logrando obtener una orden de aprehensi\u00f3n, la cual deriv\u00f3 la detenci\u00f3n en el estado de Nuevo Le\u00f3n. Un juez de control lo vincul\u00f3 a proceso por el presunto delito de secuestro agravado, dictando como medida cautelar la prisi\u00f3n preventiva.<\/p>\n\n\n\n<p><strong>LA \u00daLTIMA PORQUE ME FALTA LA OTRA COLUMNA: <\/strong>Otra vez en broncas el pol\u00e9mico regidor panista del Ayuntamiento de Veracruz, Luis Pineda, a quien constantemente le surgen las \u00ednfulas de poder y de pat\u00e9tica influencia; primero cuando evit\u00f3 que se llevaran detenido a su hijo por chocar su veh\u00edculo estando, presumiblemente, bajo los influjos del alcohol y sin tener licencia.  Y ahora, &#8211;un nuevo esc\u00e1ndalo&#8211;, lo se\u00f1alan de haber golpeado a un familiar a tubazos, dej\u00e1ndole fracturada la mano y diversos golpes en el cuerpo. Vaya fichita.<\/p>\n\n\n\n<p><strong> @pablojair<\/strong><\/p>\n","protected":false},"excerpt":{"rendered":"<p>Descanse en paz, maestra Lucina. FGE atrapa al Oaxaco, secuestrador de petroleros en el sur. Regidor de Veracruz agarra a tubazos a su pariente. S\u00f3lo en Xalapa: duelo de espadachines con machetes en v\u00edsperas del D\u00eda del Padre, en plena avenida Miguel Alem\u00e1n &#8211;Chopenjawer Si bien, a nivel nacional, no es extra\u00f1o que el Partido [&hellip;]<\/p>\n","protected":false},"author":1,"featured_media":488,"comment_status":"open","ping_status":"open","sticky":false,"template":"","format":"standard","meta":{"_jetpack_memberships_contains_paid_content":false,"footnotes":""},"categories":[11],"tags":[],"class_list":["post-3526","post","type-post","status-publish","format-standard","has-post-thumbnail","hentry","category-opinion"],"jetpack_featured_media_url":"https:\/\/encuentroinformativo.com.mx\/wp-content\/uploads\/2020\/03\/F471F608-BA1A-416B-BA7B-BCFB24F4E6D0.jpeg","jetpack_sharing_enabled":true,"jetpack_likes_enabled":true,"amp_enabled":true,"_links":{"self":[{"href":"https:\/\/encuentroinformativo.com.mx\/index.php?rest_route=\/wp\/v2\/posts\/3526","targetHints":{"allow":["GET"]}}],"collection":[{"href":"https:\/\/encuentroinformativo.com.mx\/index.php?rest_route=\/wp\/v2\/posts"}],"about":[{"href":"https:\/\/encuentroinformativo.com.mx\/index.php?rest_route=\/wp\/v2\/types\/post"}],"author":[{"embeddable":true,"href":"https:\/\/encuentroinformativo.com.mx\/index.php?rest_route=\/wp\/v2\/users\/1"}],"replies":[{"embeddable":true,"href":"https:\/\/encuentroinformativo.com.mx\/index.php?rest_route=%2Fwp%2Fv2%2Fcomments&post=3526"}],"version-history":[{"count":1,"href":"https:\/\/encuentroinformativo.com.mx\/index.php?rest_route=\/wp\/v2\/posts\/3526\/revisions"}],"predecessor-version":[{"id":3527,"href":"https:\/\/encuentroinformativo.com.mx\/index.php?rest_route=\/wp\/v2\/posts\/3526\/revisions\/3527"}],"wp:featuredmedia":[{"embeddable":true,"href":"https:\/\/encuentroinformativo.com.mx\/index.php?rest_route=\/wp\/v2\/media\/488"}],"wp:attachment":[{"href":"https:\/\/encuentroinformativo.com.mx\/index.php?rest_route=%2Fwp%2Fv2%2Fmedia&parent=3526"}],"wp:term":[{"taxonomy":"category","embeddable":true,"href":"https:\/\/encuentroinformativo.com.mx\/index.php?rest_route=%2Fwp%2Fv2%2Fcategories&post=3526"},{"taxonomy":"post_tag","embeddable":true,"href":"https:\/\/encuentroinformativo.com.mx\/index.php?rest_route=%2Fwp%2Fv2%2Ftags&post=3526"}],"curies":[{"name":"wp","href":"https:\/\/api.w.org\/{rel}","templated":true}]}}