{"id":35262,"date":"2023-01-10T09:37:31","date_gmt":"2023-01-10T15:37:31","guid":{"rendered":"https:\/\/encuentroinformativo.com.mx\/?p=35262"},"modified":"2023-01-10T09:37:35","modified_gmt":"2023-01-10T15:37:35","slug":"rehabilitan-camino-en-jamapa-celebran-ejidatarios","status":"publish","type":"post","link":"https:\/\/encuentroinformativo.com.mx\/?p=35262","title":{"rendered":"Rehabilitan camino en Jamapa, celebran ejidatarios"},"content":{"rendered":"\n<p><strong>Alejandro \u00c1vila<\/strong><\/p>\n\n\n\n<p>Jamapa, Ver.- El pasado fin de semana, varios ejidatarios finalmente vieron concretada la primera parte de la rehabilitaci\u00f3n de un camino que utilizan como libramiento en la localidad de La Javilla municipio de Jamapa.<\/p>\n\n\n\n<p>Desde hace meses los productores primarios en compa\u00f1\u00eda del Agente Municipal se acercaron al diputado local, Magdaleno Rosales Torres para solicitar la rehabilitaci\u00f3n de este tramo qu\u00e9 les ayuda en la exportaci\u00f3n de sus productos a diversos municipios vecinos.<\/p>\n\n\n\n<p>Est\u00e1 primera etapa consta de 600 metros, d\u00f3nde la maquinaria enviada por Gobierno del Estado les amplio el tramo y las emparejo el camino.<\/p>\n\n\n\n<p>&#8220;Ah\u00ed se est\u00e1n beneficiando varios ejidatarios, y est\u00e1 petici\u00f3n nos las hizo los ejidatarios y el Comisariado, el Comit\u00e9 de Comisariados y el Agente Municipal, y estamos trabajando ah\u00ed en Jamapa en La Javilla&#8221;, apunt\u00f3 el legislador morenista.<\/p>\n\n\n\n<p>La tarde de este lunes, Magdaleno Rosales fue invitado por el delegado de Bienestar en Veracruz, Manuel Huerta Ladr\u00f3n de Guevara, a la entrega de tarjetas para adultos mayores en la localidad de Paso del Toro en el municipio de Medell\u00edn de Bravo.<\/p>\n","protected":false},"excerpt":{"rendered":"<p>Alejandro \u00c1vila Jamapa, Ver.- El pasado fin de semana, varios ejidatarios finalmente vieron concretada la primera parte de la rehabilitaci\u00f3n de un camino que utilizan como libramiento en la localidad de La Javilla municipio de Jamapa. Desde hace meses los productores primarios en compa\u00f1\u00eda del Agente Municipal se acercaron al diputado local, Magdaleno Rosales Torres [&hellip;]<\/p>\n","protected":false},"author":2476,"featured_media":35263,"comment_status":"open","ping_status":"open","sticky":false,"template":"","format":"standard","meta":{"_jetpack_memberships_contains_paid_content":false,"footnotes":""},"categories":[2],"tags":[],"class_list":["post-35262","post","type-post","status-publish","format-standard","has-post-thumbnail","hentry","category-estado"],"jetpack_featured_media_url":"https:\/\/encuentroinformativo.com.mx\/wp-content\/uploads\/2023\/01\/IMG-20230110-WA0004.jpg","jetpack_sharing_enabled":true,"jetpack_likes_enabled":true,"amp_enabled":true,"_links":{"self":[{"href":"https:\/\/encuentroinformativo.com.mx\/index.php?rest_route=\/wp\/v2\/posts\/35262","targetHints":{"allow":["GET"]}}],"collection":[{"href":"https:\/\/encuentroinformativo.com.mx\/index.php?rest_route=\/wp\/v2\/posts"}],"about":[{"href":"https:\/\/encuentroinformativo.com.mx\/index.php?rest_route=\/wp\/v2\/types\/post"}],"author":[{"embeddable":true,"href":"https:\/\/encuentroinformativo.com.mx\/index.php?rest_route=\/wp\/v2\/users\/2476"}],"replies":[{"embeddable":true,"href":"https:\/\/encuentroinformativo.com.mx\/index.php?rest_route=%2Fwp%2Fv2%2Fcomments&post=35262"}],"version-history":[{"count":1,"href":"https:\/\/encuentroinformativo.com.mx\/index.php?rest_route=\/wp\/v2\/posts\/35262\/revisions"}],"predecessor-version":[{"id":35264,"href":"https:\/\/encuentroinformativo.com.mx\/index.php?rest_route=\/wp\/v2\/posts\/35262\/revisions\/35264"}],"wp:featuredmedia":[{"embeddable":true,"href":"https:\/\/encuentroinformativo.com.mx\/index.php?rest_route=\/wp\/v2\/media\/35263"}],"wp:attachment":[{"href":"https:\/\/encuentroinformativo.com.mx\/index.php?rest_route=%2Fwp%2Fv2%2Fmedia&parent=35262"}],"wp:term":[{"taxonomy":"category","embeddable":true,"href":"https:\/\/encuentroinformativo.com.mx\/index.php?rest_route=%2Fwp%2Fv2%2Fcategories&post=35262"},{"taxonomy":"post_tag","embeddable":true,"href":"https:\/\/encuentroinformativo.com.mx\/index.php?rest_route=%2Fwp%2Fv2%2Ftags&post=35262"}],"curies":[{"name":"wp","href":"https:\/\/api.w.org\/{rel}","templated":true}]}}