{"id":35265,"date":"2023-01-10T09:41:15","date_gmt":"2023-01-10T15:41:15","guid":{"rendered":"https:\/\/encuentroinformativo.com.mx\/?p=35265"},"modified":"2023-01-10T09:41:18","modified_gmt":"2023-01-10T15:41:18","slug":"cruz-azul","status":"publish","type":"post","link":"https:\/\/encuentroinformativo.com.mx\/?p=35265","title":{"rendered":"CRUZ AZUL"},"content":{"rendered":"\n<p><strong>Los Pol\u00edticos<\/strong><\/p>\n\n\n\n<p><strong>Salvador Mu\u00f1oz<\/strong><\/p>\n\n\n\n<p>Iv\u00e1n Joseph Luna presume el reloj de pared con car\u00e1tula del Cruz Azul que le dejaron en casa de su mami\u2026 creo por ah\u00ed que el columnista Filiberto Vargas igual es cementero\u2026 y por otro lado, Alberto Silva Ramos, el Cisne, un apasionado de la m\u00e1quina celeste. Pocos pol\u00edticos aficionados al futbol, le van al Cruz Azul\u2026 Rams\u00e9s Yunes ya hasta se est\u00e1 rajando\u2026<\/p>\n\n\n\n<p>Quiz\u00e1s porque la M\u00e1quina Celeste dio de qu\u00e9 hablar el fin de semana pasado por dos motivos extra-cancha: El Cata y el Cuicas.<\/p>\n\n\n\n<p>El primero es un jugador de la Noria, Julio C\u00e9sar Dom\u00ednguez, defensa central o lateral, con una larga trayectoria defendiendo la camiseta azul, y si la memoria no falla, cumplir\u00e1 17 a\u00f1os en ese equipo.<\/p>\n\n\n\n<p>El Cata Dom\u00ednguez le pas\u00f3 lo mismo que a Lay\u00fan en el Am\u00e9rica\u2026 la afici\u00f3n lo agarr\u00f3 de su \u201cpuerquito\u201d cuando las cosas no iban bien en la M\u00e1quina, pero lo de ahora fue por una fiesta por el cumple 12 de su hijo, porque la tem\u00e1tica fue \u201cNarcos\u201d, siendo m\u00e1s precisos, El Chapo, si nos atenemos a las gorras con las leyendas que los ni\u00f1os portaban: \u201cChapiza\u201d y \u201cJGL\u201d que coinciden con las siglas de Joaqu\u00edn Guzm\u00e1n Loera.<\/p>\n\n\n\n<p>En lo particular, hasta donde yo s\u00e9, la tem\u00e1tica en un cumplea\u00f1os y m\u00e1s de la edad del hijo del Cata, la escoge el festejado, pero de que la escoja a que se la hagan los padres, hay un trecho.<\/p>\n\n\n\n<p>Es una mera cuesti\u00f3n de sensibilidad, empat\u00eda, valores y criterio\u2026<\/p>\n\n\n\n<p>Es cierto, la vara se la han cargado al jugador del Cruz Azul por ser la figura p\u00fablica, pero hay otros factores que no fueron tomados en cuenta, y no se trata de quitarle cargos al Cata\u2026 Primero, al estar casado, uno supone que la esposa debe tener criterio para entender qu\u00e9 es lo que est\u00e1 pidiendo para su fiesta el v\u00e1stago\u2026 luego, las familias de ambos, del Cata y su mujer, igual deben de sopesar que ese tema nunca debe ser opci\u00f3n para una fiesta infantil\u2026 Ahora, si echamos un ojo a las fotos que circularon, se ver\u00e1 que m\u00ednimo, una veintena de ni\u00f1os participaron con atuendos, armas de juguete y gorras alusivas al Chapo Guzm\u00e1n: luego entonces, hablamos m\u00e1ximo de 10 familias m\u00e1s que estuvieron de acuerdo en esa tem\u00e1tica.<\/p>\n\n\n\n<p>Y no se trata de que la semana pasada M\u00e9xico estuvo convulsionada por Ovidio y Neto, Culiac\u00e1n y Ciudad Ju\u00e1rez, Captura y Muerte\u2026 hay temas que simplemente no deben tener cabida en la mente de un ni\u00f1o de 12 a\u00f1os ni que su familia se los aliente\u2026 Por esto, es que de Cruz Azul se habl\u00f3 m\u00e1s fuera de la cancha que de su partido en la frontera el pasado domingo\u2026<\/p>\n\n\n\n<p>Curiosamente, el pasado fin de semana, Cruz Azul volvi\u00f3 a ser tema pero ya no tan agrio como la fiesta del hijo del Cata\u2026 es m\u00e1s, de cierto modo fue agradable para todos, menos para los que le van al Cruz Azul, cuando el Gobernador Cuitl\u00e1huac Garc\u00eda Jim\u00e9nez particip\u00f3 en la segunda edici\u00f3n del foro \u201cJuventud y los Retos Laborales\u201d, el pasado s\u00e1bado en C\u00f3rdoba, donde m\u00e1s de mil j\u00f3venes de la regi\u00f3n de las altas monta\u00f1as tuvieron la oportunidad de escuchar a las Secretarias del Trabajo y Previsi\u00f3n Social del Gobierno Federal, Luisa Mar\u00eda Alcalde Luj\u00e1n y del Gobierno del Estado, Dorheny Garc\u00eda Cayetano.<\/p>\n\n\n\n<p>Hab\u00eda escuchado a Cuitl\u00e1huac hablar con j\u00f3venes pero en esta ocasi\u00f3n, hubo algo m\u00e1s: se revel\u00f3 como un excelente conductor, comediante, estandopero\u2026 quienes gusten ver su participaci\u00f3n, chequen este link <a href=\"https:\/\/youtu.be\/hLF5JSvnqP0\" target=\"_blank\" rel=\"noreferrer noopener\">https:\/\/youtu.be\/hLF5JSvnqP0<\/a> a partir del minuto 40.<\/p>\n\n\n\n<p>En el minuto 49.48, como todo buen estandopero, detect\u00f3 a su v\u00edctima. Estos comediantes tienden a enfocarse en alguien del auditorio para los chascarrillos, sea por su f\u00edsico, por su apariencia, o por irle al Cruz Azul, como le ocurri\u00f3 al joven con una camisa del equipo celeste, quien para sacarse una tablet, el Gober le pregunt\u00f3 qui\u00e9n fue el autor de la frase \u201cEl respeto al derecho ajeno es la paz\u201d. Por supuesto, respondi\u00f3 que Benito Ju\u00e1rez ante la incomodidad del p\u00fablico que consider\u00f3 demasiado f\u00e1cil la pregunta, a lo que Cuicas respondi\u00f3: \u201c\u00a1Era para alguien que le va al Cruz Azul! \u00a1Qu\u00e9 puede saber!\u201d<\/p>\n\n\n\n<p>La verdad es que Cuic es muy din\u00e1mico con los chavos\u2026 \u00a1se pas\u00f3 de lanza con algunos pero en buena onda! Pero la carrilla s\u00ed estuvo dura tanto para el chavo de la camiseta celeste, como tambi\u00e9n para todos los que le van al Cruz Azul que dicho sea de paso, el silencio de Iv\u00e1n Joseph y Alberto Silva pareciera que le dan la raz\u00f3n al Cuicas. Ojal\u00e1 fuera tan bueno para gobernar como en la comedia y en las clases, porque eso s\u00ed, se ve que sabe de c\u00e1tedra\u2026 Por cierto, el mensaje que dio Cuic a los j\u00f3venes, a diferencia del Cata, es que se alejen de las drogas\u2026<\/p>\n","protected":false},"excerpt":{"rendered":"<p>Los Pol\u00edticos Salvador Mu\u00f1oz Iv\u00e1n Joseph Luna presume el reloj de pared con car\u00e1tula del Cruz Azul que le dejaron en casa de su mami\u2026 creo por ah\u00ed que el columnista Filiberto Vargas igual es cementero\u2026 y por otro lado, Alberto Silva Ramos, el Cisne, un apasionado de la m\u00e1quina celeste. Pocos pol\u00edticos aficionados al [&hellip;]<\/p>\n","protected":false},"author":2476,"featured_media":387,"comment_status":"open","ping_status":"open","sticky":false,"template":"","format":"standard","meta":{"_jetpack_memberships_contains_paid_content":false,"footnotes":""},"categories":[11],"tags":[],"class_list":["post-35265","post","type-post","status-publish","format-standard","has-post-thumbnail","hentry","category-opinion"],"jetpack_featured_media_url":"https:\/\/encuentroinformativo.com.mx\/wp-content\/uploads\/2020\/03\/7CF8A22B-2764-47BE-8F7F-38FE9E5D6A2F.jpeg","jetpack_sharing_enabled":true,"jetpack_likes_enabled":true,"amp_enabled":true,"_links":{"self":[{"href":"https:\/\/encuentroinformativo.com.mx\/index.php?rest_route=\/wp\/v2\/posts\/35265","targetHints":{"allow":["GET"]}}],"collection":[{"href":"https:\/\/encuentroinformativo.com.mx\/index.php?rest_route=\/wp\/v2\/posts"}],"about":[{"href":"https:\/\/encuentroinformativo.com.mx\/index.php?rest_route=\/wp\/v2\/types\/post"}],"author":[{"embeddable":true,"href":"https:\/\/encuentroinformativo.com.mx\/index.php?rest_route=\/wp\/v2\/users\/2476"}],"replies":[{"embeddable":true,"href":"https:\/\/encuentroinformativo.com.mx\/index.php?rest_route=%2Fwp%2Fv2%2Fcomments&post=35265"}],"version-history":[{"count":1,"href":"https:\/\/encuentroinformativo.com.mx\/index.php?rest_route=\/wp\/v2\/posts\/35265\/revisions"}],"predecessor-version":[{"id":35266,"href":"https:\/\/encuentroinformativo.com.mx\/index.php?rest_route=\/wp\/v2\/posts\/35265\/revisions\/35266"}],"wp:featuredmedia":[{"embeddable":true,"href":"https:\/\/encuentroinformativo.com.mx\/index.php?rest_route=\/wp\/v2\/media\/387"}],"wp:attachment":[{"href":"https:\/\/encuentroinformativo.com.mx\/index.php?rest_route=%2Fwp%2Fv2%2Fmedia&parent=35265"}],"wp:term":[{"taxonomy":"category","embeddable":true,"href":"https:\/\/encuentroinformativo.com.mx\/index.php?rest_route=%2Fwp%2Fv2%2Fcategories&post=35265"},{"taxonomy":"post_tag","embeddable":true,"href":"https:\/\/encuentroinformativo.com.mx\/index.php?rest_route=%2Fwp%2Fv2%2Ftags&post=35265"}],"curies":[{"name":"wp","href":"https:\/\/api.w.org\/{rel}","templated":true}]}}