{"id":35279,"date":"2023-01-10T11:42:05","date_gmt":"2023-01-10T17:42:05","guid":{"rendered":"https:\/\/encuentroinformativo.com.mx\/?p=35279"},"modified":"2023-01-10T11:42:09","modified_gmt":"2023-01-10T17:42:09","slug":"dilemas-del-izquierdista-con-estados-unidos","status":"publish","type":"post","link":"https:\/\/encuentroinformativo.com.mx\/?p=35279","title":{"rendered":"DILEMAS DEL IZQUIERDISTA CON ESTADOS UNIDOS"},"content":{"rendered":"\n<p><strong>ColumnaSinNombre<br>@pablojair<\/strong><\/p>\n\n\n\n<ul class=\"wp-block-list\"><li>Ni robos ni vandalismo en escuelas: SEV.<\/li><li>Cancelaci\u00f3n de Ciudades Judiciales.<\/li><li>Ebrard en reflectores positivos; Claudia, no.<\/li><\/ul>\n\n\n\n<p>En el bote, abandonado por su familia y su patr\u00f3n. Pobre Verduritas\u2026<br>Moraleja y consejo: la soberbia siempre es una mala consejera.<br>&#8211;Chopenjawer<\/p>\n\n\n\n<ul class=\"wp-block-list\"><li>DE LA RELACI\u00d3N: Hasta el pol\u00edtico m\u00e1s izquierdista como Andr\u00e9s Manuel L\u00f3pez Obrador entiende y aprecia la relaci\u00f3n con Estados Unidos. Es el vecino m\u00e1s cercano no s\u00f3lo en lo geogr\u00e1fico.<\/li><li>Simplemente debemos partir del hecho de que M\u00e9xico depende de Estados Unidos porque all\u00e1 est\u00e1 medio pa\u00eds y desde all\u00e1 se mandan las remesas que sostienen al pa\u00eds.<\/li><li>En ese sentido, el d\u00f3lar de Estados Unidos sigue siendo la moneda m\u00e1s apreciada por los mexicanos; en contraparte, el peso mexicano se ha mantenido y no se ha devaluado como auguraban los chaqueteros mentales m\u00e1s cr\u00edticos de AMLO. Incre\u00edblemente &#8211;a diferencia de lo acostumbrado&#8211; el d\u00f3lar ha bajado aunque sea poquito.<\/li><li>Un peque\u00f1o ejemplo de la intensa relaci\u00f3n comercial: cualquiera que viva cerca de la frontera, tambi\u00e9n sabe que a veces es m\u00e1s barato ir a comprar al gabacho y traer cosas de muy buena calidad (especialmente los gordos como uno que batallan con las tallas, que all\u00e1 no son problema).<\/li><li>DE LA REUNI\u00d3N: Se ha visto mucho abrazo y mucho apapacho entre los mandatarios de M\u00e9xico y Estados Unidos en la visita oficial. S\u00ed, podr\u00eda decirse que es parte de la propaganda, pero se ha notado una especial afectividad entre los cabecitas de algod\u00f3n de ambas naciones.<\/li><li>La Cumbre exhibi\u00f3 a quienes s\u00f3lo critican por criticar, por contradecir, por seguir queriendo ser ese for\u00fanculo en la nalga que no se quita, que es molestia\u2026 Y todo s\u00f3lo para atraer a las hordas extremistas que piensan igual que ellos (y vaya que sobran en M\u00e9xico).<\/li><li>Para AMLO, fue un triunfo sobre la oposici\u00f3n, que qued\u00f3 anulada por completo: los presidentes de Estados Unidos y Canad\u00e1 llegaron al aeropuerto que construy\u00f3 su gobierno, se vio muy c\u00e1lida la relaci\u00f3n entre \u00e9l y el presidente de Estados Unidos, su esposa brill\u00f3 tambi\u00e9n como int\u00e9rprete\/diplom\u00e1tica, viaj\u00f3 en &#8220;La Bestia&#8221;, y hasta los invit\u00f3 a comer tamales, que en el gabacho son muy apreciados por su falta de buena gastronom\u00eda.<\/li><li>DE ADMITIR A EU COMO EL VERDADERO SOCIO: Por otro lado, los m\u00e1s radicales izquierdistas podr\u00e1n defender a Cuba sobre Estados Unidos, por todo el romanticismo hist\u00f3rico que existe entre M\u00e9xico y la isla, pero en la realidad pocos se ponen una vacuna contra el Covid tra\u00edda desde all\u00e1: no existe la misma confianza que con las medicinas gringas\u2026 Es como el mentado ung\u00fcento cubano para el vitiligo; es una leyenda urbana al igual que las aguas milagrosas de Tlacote y Chalma. Todo se basa en fe\u2026 y ya, pero es chido como te la venden los cubanos con todo el halo de misterio (se los dice alguien que compr\u00f3 dos pomos supuestamente &#8220;bajo el agua&#8221;).<\/li><li>Es m\u00e1s atractivo para los mexicanos ir a los parques de diversiones gringos (especialmente los tem\u00e1ticos que influyen mucho en la cultura popular), que a Cuba; y eso que la isla es mucho m\u00e1s barata y ponen menos trabas para entrar.<\/li><li>No me malinterprete: Cuba es bell\u00edsimo (Varadero creo que es mejor que Canc\u00fan, mil veces) y tiene m\u00e1s calidez humana. No tiene el racismo palpable en EU; es como sentirse en casa, especialmente si eres de Veracruz y te llevas chido con los alvarade\u00f1os o los jarochos. El idioma es otra gran ventaja.<\/li><li>Se puede decir que de ambos bandos (tanto fachos como chairos) tuvieron que tragar sapos: los primeros, porque no esperaban tanta concesi\u00f3n de Biden a AMLO; y los segundos, porque aunque dicen odiar a los yanquis, en el coraz\u00f3n tambi\u00e9n llevan a Mickey Mouse.<\/li><\/ul>\n\n\n\n<p><strong>NOTA PARA PEGAR EN EL REFRI<\/strong>: No hay reporte de vandalismo ni robos en los planteles escolares tras vacaciones de diciembre, inform\u00f3 el secretario de Educaci\u00f3n, Zenyazen Escobar; tambi\u00e9n anunci\u00f3 que seguir\u00e1 el operativo \u201cMochila Segura\u201d.<\/p>\n\n\n\n<p><strong>OTRA NOTA: <\/strong>Muy relevante lo de la cancelaci\u00f3n de las ciudades judiciales, que era un punto medular en el Poder Judicial por lo que se hablaba de empresarios constructores ligados al anterior gobernador; as\u00ed como si nada, seg\u00fan lo dicho por el gobernador Cuitl\u00e1huac Garc\u00eda Jim\u00e9nez, se cancelaron 10 de estos proyectos y no se pag\u00f3 nada.<\/p>\n\n\n\n<p><strong>LA \u00daLTIMA PORQUE CAF\u00c9 NECESARIO DE MEDIA MA\u00d1ANA<\/strong>: Habr\u00e1 que ver las mediciones de encuestas de las &#8220;corcholatas&#8221;, pero se puede decir que los bonos del canciller Ebrard subieron esta semana, mientras que los de la jefa de Gobierno fueron negativos por el m\u00e1s reciente incidente del Metro de la CDMX.<\/p>\n","protected":false},"excerpt":{"rendered":"<p>ColumnaSinNombre@pablojair Ni robos ni vandalismo en escuelas: SEV. Cancelaci\u00f3n de Ciudades Judiciales. Ebrard en reflectores positivos; Claudia, no. En el bote, abandonado por su familia y su patr\u00f3n. Pobre Verduritas\u2026Moraleja y consejo: la soberbia siempre es una mala consejera.&#8211;Chopenjawer DE LA RELACI\u00d3N: Hasta el pol\u00edtico m\u00e1s izquierdista como Andr\u00e9s Manuel L\u00f3pez Obrador entiende y aprecia [&hellip;]<\/p>\n","protected":false},"author":2476,"featured_media":488,"comment_status":"open","ping_status":"open","sticky":false,"template":"","format":"standard","meta":{"_jetpack_memberships_contains_paid_content":false,"footnotes":""},"categories":[11],"tags":[],"class_list":["post-35279","post","type-post","status-publish","format-standard","has-post-thumbnail","hentry","category-opinion"],"jetpack_featured_media_url":"https:\/\/encuentroinformativo.com.mx\/wp-content\/uploads\/2020\/03\/F471F608-BA1A-416B-BA7B-BCFB24F4E6D0.jpeg","jetpack_sharing_enabled":true,"jetpack_likes_enabled":true,"amp_enabled":true,"_links":{"self":[{"href":"https:\/\/encuentroinformativo.com.mx\/index.php?rest_route=\/wp\/v2\/posts\/35279","targetHints":{"allow":["GET"]}}],"collection":[{"href":"https:\/\/encuentroinformativo.com.mx\/index.php?rest_route=\/wp\/v2\/posts"}],"about":[{"href":"https:\/\/encuentroinformativo.com.mx\/index.php?rest_route=\/wp\/v2\/types\/post"}],"author":[{"embeddable":true,"href":"https:\/\/encuentroinformativo.com.mx\/index.php?rest_route=\/wp\/v2\/users\/2476"}],"replies":[{"embeddable":true,"href":"https:\/\/encuentroinformativo.com.mx\/index.php?rest_route=%2Fwp%2Fv2%2Fcomments&post=35279"}],"version-history":[{"count":1,"href":"https:\/\/encuentroinformativo.com.mx\/index.php?rest_route=\/wp\/v2\/posts\/35279\/revisions"}],"predecessor-version":[{"id":35280,"href":"https:\/\/encuentroinformativo.com.mx\/index.php?rest_route=\/wp\/v2\/posts\/35279\/revisions\/35280"}],"wp:featuredmedia":[{"embeddable":true,"href":"https:\/\/encuentroinformativo.com.mx\/index.php?rest_route=\/wp\/v2\/media\/488"}],"wp:attachment":[{"href":"https:\/\/encuentroinformativo.com.mx\/index.php?rest_route=%2Fwp%2Fv2%2Fmedia&parent=35279"}],"wp:term":[{"taxonomy":"category","embeddable":true,"href":"https:\/\/encuentroinformativo.com.mx\/index.php?rest_route=%2Fwp%2Fv2%2Fcategories&post=35279"},{"taxonomy":"post_tag","embeddable":true,"href":"https:\/\/encuentroinformativo.com.mx\/index.php?rest_route=%2Fwp%2Fv2%2Ftags&post=35279"}],"curies":[{"name":"wp","href":"https:\/\/api.w.org\/{rel}","templated":true}]}}