{"id":3528,"date":"2020-06-22T10:49:10","date_gmt":"2020-06-22T15:49:10","guid":{"rendered":"https:\/\/encuentroinformativo.com\/?p=3528"},"modified":"2020-06-22T10:49:12","modified_gmt":"2020-06-22T15:49:12","slug":"participa-carlos-jimenez-en-reunion-con-autoridades-de-seguridad","status":"publish","type":"post","link":"https:\/\/encuentroinformativo.com.mx\/?p=3528","title":{"rendered":"Participa Carlos Jim\u00e9nez en reuni\u00f3n con autoridades de seguridad"},"content":{"rendered":"\n<p><strong>*Es muy importante trabajar en la profesionalizaci\u00f3n de los elementos de Seguridad P\u00fablica de nuestro Estado y es un verdadero orgullo saber que  contamos con una instituci\u00f3n que cumple con los requerimientos  para aspirar a la certificaci\u00f3n tipo \u201cA\u201d que har\u00e1 de la Academia de Veracruz una Instituci\u00f3n de nivel internacional: Jim\u00e9nez D\u00edaz.<\/strong><\/p>\n\n\n\n<p>Xalapa, Ver.- El Diputado Carlos Jim\u00e9nez, en su car\u00e1cter de Presidente de la Comisi\u00f3n Permanente de Seguridad P\u00fablica en el Congreso del Estado de Veracruz, asisti\u00f3 a una importante reuni\u00f3n  con directivos de la Academia Regional de Seguridad P\u00fablica del Sureste, presidida por el Contralmirante Ing. Evaristo Cruz Caba\u00f1as, Director General del Centro de Estudios e investigaci\u00f3n en Seguridad y acompa\u00f1ado del Diputado Jos\u00e9 Manuel Pozos Castro, Presidente de la Comisi\u00f3n Permanente de Procuraci\u00f3n de Justicia en el Congreso del Estado.<\/p>\n\n\n\n<p>El Contralmirante Evaristo Cruz, expuso a los legisladores la importante labor, que la Academia realiza para la instituci\u00f3n de Seguridad P\u00fablica,  como semillero de profesionistas en la materia, adem\u00e1s de que el Centro de Estudios e investigaci\u00f3n en Seguridad, el cual dirige, est\u00e1  abriendo oportunidades de desarrollo acad\u00e9mico para todos los oficiales que aspiren a una carrera mientras presta sus servicios como oficial de la SSP. <\/p>\n\n\n\n<p>Destac\u00f3 que es una encomienda directa del Gobernador del Estado Ingeniero Cuitl\u00e1huac Garc\u00eda Jim\u00e9nez y del Secretario de Seguridad P\u00fablica Licenciado Hugo Guti\u00e9rrez Maldonado, contar con la mejor Academia para la formaci\u00f3n de oficiales profesionales en  seguridad.<\/p>\n\n\n\n<p>El Lic. Mart\u00edn Aurelio Abel Ramos Ruvalcaba, Secretario Ejecutivo del Sistema y Consejo Estatal de Seguridad P\u00fablica, tambi\u00e9n expuso que el consejo est\u00e1 trabajando en lograr la certificaci\u00f3n tipo \u201cA\u201d de la Academia, dado que esto significa un reconocimiento  importante para la Secretar\u00eda de Seguridad P\u00fablica de Veracruz.<\/p>\n\n\n\n<p>El Lic. Rodolfo Y\u00e1\u00f1ez Mantilla Director General de la Academia Regional de Seguridad P\u00fablica del Sureste, coment\u00f3 que con las instalaciones de la Academia y con las que cuenta Veracruz en otras corporaciones, como la Marina y Ej\u00e9rcito Mexicano, se pueden complementar los 12 puntos que se piden para la certificaci\u00f3n tipo \u201cA\u201d, por lo que se cumple con todos los requerimientos, adem\u00e1s del alto nivel acad\u00e9mico que ofrece la instituci\u00f3n, poni\u00e9ndola a la altura de las mejores.<\/p>\n\n\n\n<p>Los Legisladores ofrecieron el respaldo de las comisiones que presiden, para que se logre la certificaci\u00f3n y el apoyo necesario por los distintos \u00f3rdenes de gobierno para que instituciones como la Academia sigan poniendo en alto el nombre de nuestro Estado y nuestro Pa\u00eds.  <\/p>\n\n\n\n<p>Las carreras que ofrece la Academia son: T\u00e9cnico Superior Universitario en Seguridad P\u00fablica, Licenciatura en Derecho, Licenciatura en Criminal\u00edstica y Criminolog\u00eda, Licenciatura en Seguridad P\u00fablica, Maestr\u00eda en Administraci\u00f3n de la Seguridad P\u00fablica,  Licenciatura en Administraci\u00f3n P\u00fablica y Doctorado en Ciencias de la Seguridad P\u00fablica.<\/p>\n\n\n\n<p>En esta reuni\u00f3n tambi\u00e9n estuvieron presentes la Ing. Elizabeth Sandoval Rinc\u00f3n, Coordinadora en Observatorio del SESCESP; licenciado Lauro Amparo \u00c1lvarez Rinc\u00f3n, Subdirector Acad\u00e9mico de la ARSPS; el Psic. J. Orlando Leyva Blanco, Subdirector de Formaci\u00f3n y Desarrollo Policial del CEIS; y la Lic. X\u00f3chitl \u00c1vila Contreras, Subdirectora de Educaci\u00f3n Superior.<\/p>\n","protected":false},"excerpt":{"rendered":"<p>*Es muy importante trabajar en la profesionalizaci\u00f3n de los elementos de Seguridad P\u00fablica de nuestro Estado y es un verdadero orgullo saber que contamos con una instituci\u00f3n que cumple con los requerimientos para aspirar a la certificaci\u00f3n tipo \u201cA\u201d que har\u00e1 de la Academia de Veracruz una Instituci\u00f3n de nivel internacional: Jim\u00e9nez D\u00edaz. Xalapa, Ver.- [&hellip;]<\/p>\n","protected":false},"author":1,"featured_media":3529,"comment_status":"open","ping_status":"open","sticky":false,"template":"","format":"standard","meta":{"_jetpack_memberships_contains_paid_content":false,"footnotes":""},"categories":[2],"tags":[],"class_list":["post-3528","post","type-post","status-publish","format-standard","has-post-thumbnail","hentry","category-estado"],"jetpack_featured_media_url":"https:\/\/encuentroinformativo.com.mx\/wp-content\/uploads\/2020\/06\/0810197C-2D68-40B9-B207-A6277D2EDD8F.jpeg","jetpack_sharing_enabled":true,"jetpack_likes_enabled":true,"amp_enabled":true,"_links":{"self":[{"href":"https:\/\/encuentroinformativo.com.mx\/index.php?rest_route=\/wp\/v2\/posts\/3528","targetHints":{"allow":["GET"]}}],"collection":[{"href":"https:\/\/encuentroinformativo.com.mx\/index.php?rest_route=\/wp\/v2\/posts"}],"about":[{"href":"https:\/\/encuentroinformativo.com.mx\/index.php?rest_route=\/wp\/v2\/types\/post"}],"author":[{"embeddable":true,"href":"https:\/\/encuentroinformativo.com.mx\/index.php?rest_route=\/wp\/v2\/users\/1"}],"replies":[{"embeddable":true,"href":"https:\/\/encuentroinformativo.com.mx\/index.php?rest_route=%2Fwp%2Fv2%2Fcomments&post=3528"}],"version-history":[{"count":1,"href":"https:\/\/encuentroinformativo.com.mx\/index.php?rest_route=\/wp\/v2\/posts\/3528\/revisions"}],"predecessor-version":[{"id":3530,"href":"https:\/\/encuentroinformativo.com.mx\/index.php?rest_route=\/wp\/v2\/posts\/3528\/revisions\/3530"}],"wp:featuredmedia":[{"embeddable":true,"href":"https:\/\/encuentroinformativo.com.mx\/index.php?rest_route=\/wp\/v2\/media\/3529"}],"wp:attachment":[{"href":"https:\/\/encuentroinformativo.com.mx\/index.php?rest_route=%2Fwp%2Fv2%2Fmedia&parent=3528"}],"wp:term":[{"taxonomy":"category","embeddable":true,"href":"https:\/\/encuentroinformativo.com.mx\/index.php?rest_route=%2Fwp%2Fv2%2Fcategories&post=3528"},{"taxonomy":"post_tag","embeddable":true,"href":"https:\/\/encuentroinformativo.com.mx\/index.php?rest_route=%2Fwp%2Fv2%2Ftags&post=3528"}],"curies":[{"name":"wp","href":"https:\/\/api.w.org\/{rel}","templated":true}]}}