{"id":35281,"date":"2023-01-10T13:45:48","date_gmt":"2023-01-10T19:45:48","guid":{"rendered":"https:\/\/encuentroinformativo.com.mx\/?p=35281"},"modified":"2023-01-10T13:45:52","modified_gmt":"2023-01-10T19:45:52","slug":"confirman-embalse-de-toros-en-fiestas-de-la-candelaria","status":"publish","type":"post","link":"https:\/\/encuentroinformativo.com.mx\/?p=35281","title":{"rendered":"Confirman embalse de toros en fiestas de La Candelaria"},"content":{"rendered":"\n<p><strong>Juan Arcos<\/strong><\/p>\n\n\n\n<p>Xalapa, Ver.- El alcalde de Tlacotalpan, Luis Medina Aguirre, confirm\u00f3 que habr\u00e1 embalse y corrida de toros durante las fiestas de la Virgen de la Candelaria, programadas del 31 de enero al 9 de febrero.<\/p>\n\n\n\n<p>En conferencia de prensa, realizada en la Galer\u00eda de Arte Contempor\u00e1neo de Xalapa (GACX), indic\u00f3 que se ha solicitado el apoyo de instancias estatales y federales para resguardar a los animales y las personas durante la actividad taurina, que se llevar\u00e1 a cabo el pr\u00f3ximo 1 de febrero, a las 12:00 horas.<\/p>\n\n\n\n<p>Participar\u00e1n cerca de 400 elementos de Fuerza Civil, Secretar\u00eda de Marina y Secretar\u00eda de la Defensa Nacional (Sedena), as\u00ed como personal de la Secretar\u00eda de Protecci\u00f3n Civil, Secretar\u00eda de Salud, Secretar\u00eda de Medio Ambiente y de otras dependencias.<\/p>\n\n\n\n<p>\u201cLa tradicional suelta de toros se va a hacer como tradicionalmente se hace, resguardando la integridad de los animales, teniendo siempre el bienestar. Hay una convocatoria de voluntarios que van a estar al cuidado del toro. Yo invito a la poblaci\u00f3n, a los turistas, a los prestadores de servicio, que cuidemos, que no maltratemos, que estemos en armon\u00eda con los animales\u201d, expres\u00f3.<\/p>\n\n\n\n<p>Se trata de una tradici\u00f3n que surgi\u00f3 hace 246 a\u00f1os, luego de una grave afectaci\u00f3n por una inundaci\u00f3n en esta zona de la cuenca del r\u00edo Papaloapan.<\/p>\n\n\n\n<p>Cabe recordar que grupos animalistas se han pronunciado en contra de la tauromaquia durante las fiestas de La Candelaria, toda vez que los toros son cruzados con balsas en el r\u00edo, situaci\u00f3n que, hace unos a\u00f1os, ocasion\u00f3 que uno de los animales se ahogara.<\/p>\n\n\n\n<p>El Presidente Municipal de Tlacotalpan enfatiz\u00f3 que los pobladores est\u00e1n conscientes de que si no cuidan su tradici\u00f3n taurina y sus fiestas, \u00e9stas podr\u00edan desaparecer.<\/p>\n\n\n\n<p><strong>DERRAMA ECON\u00d3MICA<\/strong><\/p>\n\n\n\n<p>Por su parte, el titular de la Secretar\u00eda de Turismo y Cultura (Sectur), Iv\u00e1n Francisco Mart\u00ednez Olvera, indic\u00f3 que se espera la llegada de 250 mil visitantes durante estas fiestas y una derrama econ\u00f3mica de 30 millones de pesos.<\/p>\n\n\n\n<p>&#8220;Esto basado en los estudios de perfil previamente realizados por esta secretar\u00eda, en cuanto a los temas de seguridad, llevando a cabo reuniones operativas previas con los tres niveles de gobierno\u201d, refiri\u00f3.<\/p>\n\n\n\n<p>Durante el evento habr\u00e1 exposiciones artesanales, un encuentro internacional de versadores y soneros, as\u00ed como otras actividades religiosas, culturales y art\u00edsticas.<\/p>\n\n\n\n<p>En la cartelera de esta festividad, se observa que habr\u00e1 presentaciones musicales de diversos artistas, como Junior Klan, Rayito Colombiano y La Original Banda Lim\u00f3n.<\/p>\n\n\n\n<figure class=\"wp-block-image size-large\"><img loading=\"lazy\" decoding=\"async\" width=\"1024\" height=\"683\" src=\"https:\/\/encuentroinformativo.com.mx\/wp-content\/uploads\/2023\/01\/Photo_1673379448958-1024x683.jpg\" alt=\"\" class=\"wp-image-35283\" srcset=\"https:\/\/encuentroinformativo.com.mx\/wp-content\/uploads\/2023\/01\/Photo_1673379448958-1024x683.jpg 1024w, https:\/\/encuentroinformativo.com.mx\/wp-content\/uploads\/2023\/01\/Photo_1673379448958-300x200.jpg 300w, https:\/\/encuentroinformativo.com.mx\/wp-content\/uploads\/2023\/01\/Photo_1673379448958-768x512.jpg 768w, https:\/\/encuentroinformativo.com.mx\/wp-content\/uploads\/2023\/01\/Photo_1673379448958-1536x1024.jpg 1536w, https:\/\/encuentroinformativo.com.mx\/wp-content\/uploads\/2023\/01\/Photo_1673379448958.jpg 1968w\" sizes=\"auto, (max-width: 1024px) 100vw, 1024px\" \/><\/figure>\n","protected":false},"excerpt":{"rendered":"<p>Juan Arcos Xalapa, Ver.- El alcalde de Tlacotalpan, Luis Medina Aguirre, confirm\u00f3 que habr\u00e1 embalse y corrida de toros durante las fiestas de la Virgen de la Candelaria, programadas del 31 de enero al 9 de febrero. En conferencia de prensa, realizada en la Galer\u00eda de Arte Contempor\u00e1neo de Xalapa (GACX), indic\u00f3 que se ha [&hellip;]<\/p>\n","protected":false},"author":2476,"featured_media":35282,"comment_status":"open","ping_status":"open","sticky":false,"template":"","format":"standard","meta":{"_jetpack_memberships_contains_paid_content":false,"footnotes":""},"categories":[2],"tags":[],"class_list":["post-35281","post","type-post","status-publish","format-standard","has-post-thumbnail","hentry","category-estado"],"jetpack_featured_media_url":"https:\/\/encuentroinformativo.com.mx\/wp-content\/uploads\/2023\/01\/Photo_1673379704308.jpg","jetpack_sharing_enabled":true,"jetpack_likes_enabled":true,"amp_enabled":true,"_links":{"self":[{"href":"https:\/\/encuentroinformativo.com.mx\/index.php?rest_route=\/wp\/v2\/posts\/35281","targetHints":{"allow":["GET"]}}],"collection":[{"href":"https:\/\/encuentroinformativo.com.mx\/index.php?rest_route=\/wp\/v2\/posts"}],"about":[{"href":"https:\/\/encuentroinformativo.com.mx\/index.php?rest_route=\/wp\/v2\/types\/post"}],"author":[{"embeddable":true,"href":"https:\/\/encuentroinformativo.com.mx\/index.php?rest_route=\/wp\/v2\/users\/2476"}],"replies":[{"embeddable":true,"href":"https:\/\/encuentroinformativo.com.mx\/index.php?rest_route=%2Fwp%2Fv2%2Fcomments&post=35281"}],"version-history":[{"count":1,"href":"https:\/\/encuentroinformativo.com.mx\/index.php?rest_route=\/wp\/v2\/posts\/35281\/revisions"}],"predecessor-version":[{"id":35284,"href":"https:\/\/encuentroinformativo.com.mx\/index.php?rest_route=\/wp\/v2\/posts\/35281\/revisions\/35284"}],"wp:featuredmedia":[{"embeddable":true,"href":"https:\/\/encuentroinformativo.com.mx\/index.php?rest_route=\/wp\/v2\/media\/35282"}],"wp:attachment":[{"href":"https:\/\/encuentroinformativo.com.mx\/index.php?rest_route=%2Fwp%2Fv2%2Fmedia&parent=35281"}],"wp:term":[{"taxonomy":"category","embeddable":true,"href":"https:\/\/encuentroinformativo.com.mx\/index.php?rest_route=%2Fwp%2Fv2%2Fcategories&post=35281"},{"taxonomy":"post_tag","embeddable":true,"href":"https:\/\/encuentroinformativo.com.mx\/index.php?rest_route=%2Fwp%2Fv2%2Ftags&post=35281"}],"curies":[{"name":"wp","href":"https:\/\/api.w.org\/{rel}","templated":true}]}}