{"id":35291,"date":"2023-01-10T16:49:40","date_gmt":"2023-01-10T22:49:40","guid":{"rendered":"https:\/\/encuentroinformativo.com.mx\/?p=35291"},"modified":"2023-01-10T16:49:44","modified_gmt":"2023-01-10T22:49:44","slug":"levantan-y-ejecutan-a-dos-policias-en-cordoba","status":"publish","type":"post","link":"https:\/\/encuentroinformativo.com.mx\/?p=35291","title":{"rendered":"Levantan y ejecutan a dos polic\u00edas en C\u00f3rdoba"},"content":{"rendered":"\n<p><strong>Juan Arcos <\/strong><\/p>\n\n\n\n<p>Xalapa, Ver.- Dos polic\u00edas estatales de Veracruz, un hombre y una mujer, fueron \u201clevantados\u201d y ejecutados por un comando en el municipio de C\u00f3rdoba, ubicado en la regi\u00f3n de las Altas Monta\u00f1as, en la zona centro de Veracruz.<\/p>\n\n\n\n<p>Los hechos ocurrieron la ma\u00f1ana de este martes 10 de enero en la colonia Federal, donde los elementos de la Secretar\u00eda de Seguridad P\u00fablica (SSP) fueron v\u00edctimas de una privaci\u00f3n ilegal de la libertad y luego encontrados sin vida.<\/p>\n\n\n\n<p>Esto sucedi\u00f3 sobre la avenida, 15 entre las calles 12 y 14, donde un tercer polic\u00eda estatal fue herido con arma de fuego, quien fue traslado al Hospital General de C\u00f3rdoba.<\/p>\n\n\n\n<p>El cuerpo del oficial ejecutado fue hallado al interior de una camioneta con las manos esposadas a la espalda cerca del kil\u00f3metro 14, rumbo al municipio de Chocam\u00e1n. Mientras que la mujer polic\u00eda fue llevada a bordo de un autom\u00f3vil Nissan-Versa, color rojo, y despu\u00e9s arrojada en la misma zona.<\/p>\n\n\n\n<p>En la zona se mantiene un fuerte operativo de seguridad por parte de elementos de la Polic\u00eda Estatal y la Polic\u00eda Ministerial, donde tambi\u00e9n hay presencia del personal de la Direcci\u00f3n General de Servicios Periciales.<\/p>\n\n\n\n<p>Los cuerpos fueron trasladados a las instalaciones del Servicio M\u00e9dico Forense (Semefo) del municipio de C\u00f3rdoba donde se practicar\u00eda la necropsia de ley.<\/p>\n\n\n\n<p>La Fiscal\u00eda General del Estado (FGE), a cargo de Ver\u00f3nica Hern\u00e1ndez Giad\u00e1ns, ha iniciado la investigaci\u00f3n correspondiente para la b\u00fasqueda y localizaci\u00f3n de los homicidas.<\/p>\n\n\n\n<p>Sin embargo, hasta el momento, no hay reporte de personas detenidas por esta agresi\u00f3n contra elementos de la Secretar\u00eda de Seguridad P\u00fablica (SSP), a cargo de Cuauht\u00e9moc Z\u00fa\u00f1iga Bonilla.<\/p>\n","protected":false},"excerpt":{"rendered":"<p>Juan Arcos Xalapa, Ver.- Dos polic\u00edas estatales de Veracruz, un hombre y una mujer, fueron \u201clevantados\u201d y ejecutados por un comando en el municipio de C\u00f3rdoba, ubicado en la regi\u00f3n de las Altas Monta\u00f1as, en la zona centro de Veracruz. Los hechos ocurrieron la ma\u00f1ana de este martes 10 de enero en la colonia Federal, [&hellip;]<\/p>\n","protected":false},"author":2476,"featured_media":35292,"comment_status":"open","ping_status":"open","sticky":false,"template":"","format":"standard","meta":{"_jetpack_memberships_contains_paid_content":false,"footnotes":""},"categories":[14],"tags":[],"class_list":["post-35291","post","type-post","status-publish","format-standard","has-post-thumbnail","hentry","category-policiaca"],"jetpack_featured_media_url":"https:\/\/encuentroinformativo.com.mx\/wp-content\/uploads\/2023\/01\/Point-Blur_Jan102023_164549.jpg","jetpack_sharing_enabled":true,"jetpack_likes_enabled":true,"amp_enabled":true,"_links":{"self":[{"href":"https:\/\/encuentroinformativo.com.mx\/index.php?rest_route=\/wp\/v2\/posts\/35291","targetHints":{"allow":["GET"]}}],"collection":[{"href":"https:\/\/encuentroinformativo.com.mx\/index.php?rest_route=\/wp\/v2\/posts"}],"about":[{"href":"https:\/\/encuentroinformativo.com.mx\/index.php?rest_route=\/wp\/v2\/types\/post"}],"author":[{"embeddable":true,"href":"https:\/\/encuentroinformativo.com.mx\/index.php?rest_route=\/wp\/v2\/users\/2476"}],"replies":[{"embeddable":true,"href":"https:\/\/encuentroinformativo.com.mx\/index.php?rest_route=%2Fwp%2Fv2%2Fcomments&post=35291"}],"version-history":[{"count":1,"href":"https:\/\/encuentroinformativo.com.mx\/index.php?rest_route=\/wp\/v2\/posts\/35291\/revisions"}],"predecessor-version":[{"id":35293,"href":"https:\/\/encuentroinformativo.com.mx\/index.php?rest_route=\/wp\/v2\/posts\/35291\/revisions\/35293"}],"wp:featuredmedia":[{"embeddable":true,"href":"https:\/\/encuentroinformativo.com.mx\/index.php?rest_route=\/wp\/v2\/media\/35292"}],"wp:attachment":[{"href":"https:\/\/encuentroinformativo.com.mx\/index.php?rest_route=%2Fwp%2Fv2%2Fmedia&parent=35291"}],"wp:term":[{"taxonomy":"category","embeddable":true,"href":"https:\/\/encuentroinformativo.com.mx\/index.php?rest_route=%2Fwp%2Fv2%2Fcategories&post=35291"},{"taxonomy":"post_tag","embeddable":true,"href":"https:\/\/encuentroinformativo.com.mx\/index.php?rest_route=%2Fwp%2Fv2%2Ftags&post=35291"}],"curies":[{"name":"wp","href":"https:\/\/api.w.org\/{rel}","templated":true}]}}