{"id":35294,"date":"2023-01-10T17:05:11","date_gmt":"2023-01-10T23:05:11","guid":{"rendered":"https:\/\/encuentroinformativo.com.mx\/?p=35294"},"modified":"2023-01-10T17:05:14","modified_gmt":"2023-01-10T23:05:14","slug":"en-el-virginia-inaugura-alcalde-jm-unanue-pavimentacion-de-la-calle-anton-lizardo","status":"publish","type":"post","link":"https:\/\/encuentroinformativo.com.mx\/?p=35294","title":{"rendered":"En el Virginia, inaugura Alcalde JM Un\u00e1nue pavimentaci\u00f3n de la calle Ant\u00f3n Lizardo"},"content":{"rendered":"\n<p><strong>*<em>Esta obra tambi\u00e9n incluy\u00f3 la rehabilitaci\u00f3n de la red de agua potable y de las redes de drenaje, as\u00ed como su respectiva se\u00f1alizaci\u00f3n<\/em>.<\/strong><\/p>\n\n\n\n<p>Boca del R\u00edo, Ver.- Este martes el Alcalde de Boca del R\u00edo, Juan Manuel Un\u00e1nue Abascal, entreg\u00f3 una obra m\u00e1s en el municipio: la repavimentaci\u00f3n asf\u00e1ltica de la calle Ant\u00f3n Lizardo en el Fraccionamiento Virginia y que adem\u00e1s incluy\u00f3 la rehabilitaci\u00f3n de la red de drenaje y las redes de agua potable.<\/p>\n\n\n\n<p>\u201cEsta es la obra n\u00famero 27 inaugurada en la que se llev\u00f3 a cabo pr\u00e1cticamente una rehabilitaci\u00f3n integral. Me comentaban vecinos que llevaba muchos a\u00f1os de no atenderse y s\u00ed, estaba bastante afectada, quedando atendida y entregada para los habitantes de esta zona\u201d, consider\u00f3.<\/p>\n\n\n\n<p>Los mil 550 metros cuadrados de carpeta asf\u00e1ltica beneficia directamente a m\u00e1s de 250 personas, que, a partir de hoy, les permitir\u00e1 seguir disfrutando de mejores servicios p\u00fablicos.<\/p>\n\n\n\n<p>Minerva Gonz\u00e1lez de Caso, habitante beneficiada, dijo tener 47 a\u00f1os de vivir en la calle Ant\u00f3n Lizardo, se mostr\u00f3 complacida por el desarrollo y modernidad que est\u00e1 teniendo el municipio, pero principalmente su entorno.<\/p>\n\n\n\n<p>\u201cGracias, muchas gracias licenciado, porque esta calle estaba sumamente abandonada, esta calle desde hace 47 a\u00f1os que se form\u00f3 el fraccionamiento nunca le hab\u00edan metido mano, as\u00ed que much\u00edsimas gracias, son cosas que vemos y lo palpamos\u201d.<\/p>\n\n\n\n<p>En cuanto a drenaje sanitario se coloc\u00f3 tubo de 12 pulgadas para el alcantarillado, pozos de visita con brocal, as\u00ed como tapas de polietileno.<\/p>\n\n\n\n<p>Para la red de agua potable se coloc\u00f3 tuber\u00eda hidr\u00e1ulica y tomas domiciliarias, generando un servicio \u00f3ptimo para las casas habitaci\u00f3n.<\/p>\n\n\n\n<p>Adem\u00e1s, se aplic\u00f3 se\u00f1alizaci\u00f3n con pintura hule clorado en guarniciones y pintura especial para se\u00f1alamiento en cruces peatonales, flechas de sentido, raya continua y\/o discontinua.<\/p>\n\n\n\n<p>Por \u00faltimo, el Presidente Municipal de Boca del R\u00edo coment\u00f3 que su administraci\u00f3n continuar\u00e1 realizando distintas inversiones en diversos puntos de la ciudad, para mejorar la calidad de vida de los boque\u00f1os y seguir consolid\u00e1ndose como la mejor ciudad del Estado de Veracruz.<\/p>\n\n\n\n<figure class=\"wp-block-image size-large\"><img loading=\"lazy\" decoding=\"async\" width=\"1024\" height=\"682\" src=\"https:\/\/encuentroinformativo.com.mx\/wp-content\/uploads\/2023\/01\/IMG-20230110-WA0060-1024x682.jpg\" alt=\"\" class=\"wp-image-35296\" srcset=\"https:\/\/encuentroinformativo.com.mx\/wp-content\/uploads\/2023\/01\/IMG-20230110-WA0060-1024x682.jpg 1024w, https:\/\/encuentroinformativo.com.mx\/wp-content\/uploads\/2023\/01\/IMG-20230110-WA0060-300x200.jpg 300w, https:\/\/encuentroinformativo.com.mx\/wp-content\/uploads\/2023\/01\/IMG-20230110-WA0060-768x511.jpg 768w, https:\/\/encuentroinformativo.com.mx\/wp-content\/uploads\/2023\/01\/IMG-20230110-WA0060.jpg 1280w\" sizes=\"auto, (max-width: 1024px) 100vw, 1024px\" \/><\/figure>\n","protected":false},"excerpt":{"rendered":"<p>*Esta obra tambi\u00e9n incluy\u00f3 la rehabilitaci\u00f3n de la red de agua potable y de las redes de drenaje, as\u00ed como su respectiva se\u00f1alizaci\u00f3n. Boca del R\u00edo, Ver.- Este martes el Alcalde de Boca del R\u00edo, Juan Manuel Un\u00e1nue Abascal, entreg\u00f3 una obra m\u00e1s en el municipio: la repavimentaci\u00f3n asf\u00e1ltica de la calle Ant\u00f3n Lizardo en [&hellip;]<\/p>\n","protected":false},"author":2476,"featured_media":35295,"comment_status":"open","ping_status":"open","sticky":false,"template":"","format":"standard","meta":{"_jetpack_memberships_contains_paid_content":false,"footnotes":""},"categories":[2],"tags":[],"class_list":["post-35294","post","type-post","status-publish","format-standard","has-post-thumbnail","hentry","category-estado"],"jetpack_featured_media_url":"https:\/\/encuentroinformativo.com.mx\/wp-content\/uploads\/2023\/01\/IMG-20230110-WA0059.jpg","jetpack_sharing_enabled":true,"jetpack_likes_enabled":true,"amp_enabled":true,"_links":{"self":[{"href":"https:\/\/encuentroinformativo.com.mx\/index.php?rest_route=\/wp\/v2\/posts\/35294","targetHints":{"allow":["GET"]}}],"collection":[{"href":"https:\/\/encuentroinformativo.com.mx\/index.php?rest_route=\/wp\/v2\/posts"}],"about":[{"href":"https:\/\/encuentroinformativo.com.mx\/index.php?rest_route=\/wp\/v2\/types\/post"}],"author":[{"embeddable":true,"href":"https:\/\/encuentroinformativo.com.mx\/index.php?rest_route=\/wp\/v2\/users\/2476"}],"replies":[{"embeddable":true,"href":"https:\/\/encuentroinformativo.com.mx\/index.php?rest_route=%2Fwp%2Fv2%2Fcomments&post=35294"}],"version-history":[{"count":1,"href":"https:\/\/encuentroinformativo.com.mx\/index.php?rest_route=\/wp\/v2\/posts\/35294\/revisions"}],"predecessor-version":[{"id":35297,"href":"https:\/\/encuentroinformativo.com.mx\/index.php?rest_route=\/wp\/v2\/posts\/35294\/revisions\/35297"}],"wp:featuredmedia":[{"embeddable":true,"href":"https:\/\/encuentroinformativo.com.mx\/index.php?rest_route=\/wp\/v2\/media\/35295"}],"wp:attachment":[{"href":"https:\/\/encuentroinformativo.com.mx\/index.php?rest_route=%2Fwp%2Fv2%2Fmedia&parent=35294"}],"wp:term":[{"taxonomy":"category","embeddable":true,"href":"https:\/\/encuentroinformativo.com.mx\/index.php?rest_route=%2Fwp%2Fv2%2Fcategories&post=35294"},{"taxonomy":"post_tag","embeddable":true,"href":"https:\/\/encuentroinformativo.com.mx\/index.php?rest_route=%2Fwp%2Fv2%2Ftags&post=35294"}],"curies":[{"name":"wp","href":"https:\/\/api.w.org\/{rel}","templated":true}]}}