{"id":35298,"date":"2023-01-10T21:32:44","date_gmt":"2023-01-11T03:32:44","guid":{"rendered":"https:\/\/encuentroinformativo.com.mx\/?p=35298"},"modified":"2023-01-10T21:32:49","modified_gmt":"2023-01-11T03:32:49","slug":"aprueba-cabildo-de-xalapa-realizar-auditoria-a-la-obra-publica-2022","status":"publish","type":"post","link":"https:\/\/encuentroinformativo.com.mx\/?p=35298","title":{"rendered":"Aprueba Cabildo de Xalapa realizar auditor\u00eda a la obra p\u00fablica 2022"},"content":{"rendered":"\n<p>Xalapa, Ver.- Para dar transparencia al proceso de construcci\u00f3n de la obra p\u00fablica, los integrantes del Cabildo aprobaron en Sesi\u00f3n Extraordinaria celebrada este martes, la suscripci\u00f3n de un contrato con un despacho externo, con el fin de que Ileve a cabo una Auditor\u00eda T\u00e9cnica a la obra p\u00fablica 2022.<\/p>\n\n\n\n<p>Dicho documento ser\u00e1 signado por el presidente municipal Ricardo Ahued Bardahuil y la s\u00edndica \u00fanica, Cecilia Leyla Coronel Brizio, en representaci\u00f3n del Ayuntamiento.<\/p>\n\n\n\n<p>La auditor\u00eda a realizar comprende la revisi\u00f3n f\u00edsica a la obra p\u00fablica, as\u00ed como a los expedientes b\u00e1sico y unitarios del Ramo 033, o a cualquier otro recurso con el que se haya ejecutado obra en el municipio de Xalapa durante el ejercicio 2022.<\/p>\n\n\n\n<p>Asimismo, se present\u00f3 el informe de actividades 2022 de Ia s\u00edndica \u00fanica, Cecilia Coronel Brizio.<\/p>\n\n\n\n<p><strong>Signan convenio de colaboraci\u00f3n con INSUS<\/strong><\/p>\n\n\n\n<p>Para brindar certeza jur\u00eddica a m\u00e1s de 10 mil familias y a distintos inmuebles municipales, el Ayuntamiento y el Instituto Nacional del Suelo Sustentable (INSUS) firmaron un convenio de colaboraci\u00f3n, mediante el cual se regulariza la tenencia de la tierra con la entrega de escrituras para todos estos predios.<\/p>\n\n\n\n<p>El presidente municipal Ricardo Ahued Bardahuil se\u00f1al\u00f3 que a trav\u00e9s de estas acciones, se brinda tranquilidad a las familias y un mayor acceso a los servicios p\u00fablicos. Adem\u00e1s, agradeci\u00f3 la colaboraci\u00f3n y coordinaci\u00f3n con el Gobierno Federal para la firma de este documento en tan poco tiempo.<\/p>\n\n\n\n<p>De acuerdo con la representante regional del Insus en Veracruz, Georgina Maribel Chuy D\u00edaz, la firma del convenio representa una gran satisfacci\u00f3n, pues se trata de brindar justicia social a 10 mil familias que por m\u00e1s de tres d\u00e9cadas han tenido la posesi\u00f3n de sus predios sin contar con la documentaci\u00f3n que lo avale.<\/p>\n\n\n\n<p>En este sentido, explic\u00f3 que al contar con sus escrituras, una propiedad puede incrementar su valor en un 30 por ciento, por lo que a la par de la certeza jur\u00eddica, se otorgar\u00e1 plusval\u00eda a la inversi\u00f3n de todas las familias beneficiadas.<\/p>\n\n\n\n<p>De igual forma, detall\u00f3 que este programa de regularizaci\u00f3n incluye distintos predios donde se ubican instalaciones municipales, \u201ces una colaboraci\u00f3n que ser\u00e1 de beneficio para todas y todos los xalape\u00f1os\u201d, afirm\u00f3.<\/p>\n\n\n\n<p>Asistieron el secretario del Ayuntamiento, Ram\u00f3n Antonio Ramos Niembro; la directora de Asuntos Jur\u00eddicos, Martha Patricia Hern\u00e1ndez Guti\u00e9rrez; el coordinador Jur\u00eddico del Insus, \u00d3scar Hern\u00e1ndez Cabrera y funcionariado municipal.<\/p>\n\n\n\n<figure class=\"wp-block-image size-large\"><img loading=\"lazy\" decoding=\"async\" width=\"1024\" height=\"836\" src=\"https:\/\/encuentroinformativo.com.mx\/wp-content\/uploads\/2023\/01\/IMG-20230110-WA00153-1024x836.jpg\" alt=\"\" class=\"wp-image-35300\" srcset=\"https:\/\/encuentroinformativo.com.mx\/wp-content\/uploads\/2023\/01\/IMG-20230110-WA00153-1024x836.jpg 1024w, https:\/\/encuentroinformativo.com.mx\/wp-content\/uploads\/2023\/01\/IMG-20230110-WA00153-300x245.jpg 300w, https:\/\/encuentroinformativo.com.mx\/wp-content\/uploads\/2023\/01\/IMG-20230110-WA00153-768x627.jpg 768w, https:\/\/encuentroinformativo.com.mx\/wp-content\/uploads\/2023\/01\/IMG-20230110-WA00153.jpg 1175w\" sizes=\"auto, (max-width: 1024px) 100vw, 1024px\" \/><\/figure>\n","protected":false},"excerpt":{"rendered":"<p>Xalapa, Ver.- Para dar transparencia al proceso de construcci\u00f3n de la obra p\u00fablica, los integrantes del Cabildo aprobaron en Sesi\u00f3n Extraordinaria celebrada este martes, la suscripci\u00f3n de un contrato con un despacho externo, con el fin de que Ileve a cabo una Auditor\u00eda T\u00e9cnica a la obra p\u00fablica 2022. Dicho documento ser\u00e1 signado por el [&hellip;]<\/p>\n","protected":false},"author":2476,"featured_media":35299,"comment_status":"open","ping_status":"open","sticky":false,"template":"","format":"standard","meta":{"_jetpack_memberships_contains_paid_content":false,"footnotes":""},"categories":[3],"tags":[],"class_list":["post-35298","post","type-post","status-publish","format-standard","has-post-thumbnail","hentry","category-xalapa"],"jetpack_featured_media_url":"https:\/\/encuentroinformativo.com.mx\/wp-content\/uploads\/2023\/01\/IMG-20230110-WA00882.jpg","jetpack_sharing_enabled":true,"jetpack_likes_enabled":true,"amp_enabled":true,"_links":{"self":[{"href":"https:\/\/encuentroinformativo.com.mx\/index.php?rest_route=\/wp\/v2\/posts\/35298","targetHints":{"allow":["GET"]}}],"collection":[{"href":"https:\/\/encuentroinformativo.com.mx\/index.php?rest_route=\/wp\/v2\/posts"}],"about":[{"href":"https:\/\/encuentroinformativo.com.mx\/index.php?rest_route=\/wp\/v2\/types\/post"}],"author":[{"embeddable":true,"href":"https:\/\/encuentroinformativo.com.mx\/index.php?rest_route=\/wp\/v2\/users\/2476"}],"replies":[{"embeddable":true,"href":"https:\/\/encuentroinformativo.com.mx\/index.php?rest_route=%2Fwp%2Fv2%2Fcomments&post=35298"}],"version-history":[{"count":1,"href":"https:\/\/encuentroinformativo.com.mx\/index.php?rest_route=\/wp\/v2\/posts\/35298\/revisions"}],"predecessor-version":[{"id":35301,"href":"https:\/\/encuentroinformativo.com.mx\/index.php?rest_route=\/wp\/v2\/posts\/35298\/revisions\/35301"}],"wp:featuredmedia":[{"embeddable":true,"href":"https:\/\/encuentroinformativo.com.mx\/index.php?rest_route=\/wp\/v2\/media\/35299"}],"wp:attachment":[{"href":"https:\/\/encuentroinformativo.com.mx\/index.php?rest_route=%2Fwp%2Fv2%2Fmedia&parent=35298"}],"wp:term":[{"taxonomy":"category","embeddable":true,"href":"https:\/\/encuentroinformativo.com.mx\/index.php?rest_route=%2Fwp%2Fv2%2Fcategories&post=35298"},{"taxonomy":"post_tag","embeddable":true,"href":"https:\/\/encuentroinformativo.com.mx\/index.php?rest_route=%2Fwp%2Fv2%2Ftags&post=35298"}],"curies":[{"name":"wp","href":"https:\/\/api.w.org\/{rel}","templated":true}]}}