{"id":35303,"date":"2023-01-11T08:13:59","date_gmt":"2023-01-11T14:13:59","guid":{"rendered":"https:\/\/encuentroinformativo.com.mx\/?p=35303"},"modified":"2023-01-11T08:14:03","modified_gmt":"2023-01-11T14:14:03","slug":"secundaria-en-alvarado-no-tiene-clases-desde-noviembre-acusan-anomalias","status":"publish","type":"post","link":"https:\/\/encuentroinformativo.com.mx\/?p=35303","title":{"rendered":"Secundaria en Alvarado no tiene clases desde noviembre; acusan anomal\u00edas"},"content":{"rendered":"\n<p><strong>Alejandro \u00c1vila<\/strong><\/p>\n\n\n\n<p>Alvarado, Ver.- Padres de familia de alumnos de la Escuela Secundaria T\u00e9cnica Pesquera #20 en Alvarado, denuncian diversas anomal\u00edas administrativas en el plantel educativo, el cual, no tiene clases desde el pasado mes de noviembre.<\/p>\n\n\n\n<p>Los quejosos acusan al director de la escuela, Arturo Valencia Padr\u00f3n, y a su comitiva, de un presunto desv\u00edo de recursos; incluso, mencionan que el docente que imparte la clase de pesca, se llev\u00f3 la lancha y el motor para uso personal.<\/p>\n\n\n\n<p>Abigail Cruz Lara, madre de familia de dos alumnos, expuso qu\u00e9 desde el pasado mes de noviembre escuela se encuentra en paro debido a un plant\u00f3n que iniciaron los maestros, donde incluso el sindicato solicitud la destituci\u00f3n del director.<\/p>\n\n\n\n<p>&#8220;El director junto con un cierto grupo de personas, no m\u00e1s de 20, los cuales quieren de regreso al director, lo cual al resto de 36, qu\u00e9 son la plantilla de la escuela no est\u00e1 de acuerdo, por faltantes, por muchas anomal\u00edas que existen&#8221;.<\/p>\n\n\n\n<p>&#8220;Tambi\u00e9n me comentan que la lancha y el motor de lo que es la actividad de pesca no se encuentra en el plantel, la lancha y el motor siempre est\u00e1 en la casa del maestro de la escuela, qu\u00e9 la utiliza para uso personal&#8221;, subray\u00f3.<\/p>\n\n\n\n<p>Ante esta situaci\u00f3n, los padres de familia solicitan al Secretario de Educaci\u00f3n de Veracruz, Zenyazen Escobar Garc\u00eda, y a la alcaldesa, Lizzette \u00c1lvarez Vera, para que atiendan este problema y sus hijos puedan regresar a clases.<\/p>\n\n\n\n<figure class=\"wp-block-image size-large\"><img loading=\"lazy\" decoding=\"async\" width=\"899\" height=\"808\" src=\"https:\/\/encuentroinformativo.com.mx\/wp-content\/uploads\/2023\/01\/IMG-20230111-WA00062.jpg\" alt=\"\" class=\"wp-image-35305\" srcset=\"https:\/\/encuentroinformativo.com.mx\/wp-content\/uploads\/2023\/01\/IMG-20230111-WA00062.jpg 899w, https:\/\/encuentroinformativo.com.mx\/wp-content\/uploads\/2023\/01\/IMG-20230111-WA00062-300x270.jpg 300w, https:\/\/encuentroinformativo.com.mx\/wp-content\/uploads\/2023\/01\/IMG-20230111-WA00062-768x690.jpg 768w\" sizes=\"auto, (max-width: 899px) 100vw, 899px\" \/><\/figure>\n","protected":false},"excerpt":{"rendered":"<p>Alejandro \u00c1vila Alvarado, Ver.- Padres de familia de alumnos de la Escuela Secundaria T\u00e9cnica Pesquera #20 en Alvarado, denuncian diversas anomal\u00edas administrativas en el plantel educativo, el cual, no tiene clases desde el pasado mes de noviembre. Los quejosos acusan al director de la escuela, Arturo Valencia Padr\u00f3n, y a su comitiva, de un presunto [&hellip;]<\/p>\n","protected":false},"author":2476,"featured_media":35304,"comment_status":"open","ping_status":"open","sticky":false,"template":"","format":"standard","meta":{"_jetpack_memberships_contains_paid_content":false,"footnotes":""},"categories":[2],"tags":[],"class_list":["post-35303","post","type-post","status-publish","format-standard","has-post-thumbnail","hentry","category-estado"],"jetpack_featured_media_url":"https:\/\/encuentroinformativo.com.mx\/wp-content\/uploads\/2023\/01\/IMG-20230111-WA0004.jpg","jetpack_sharing_enabled":true,"jetpack_likes_enabled":true,"amp_enabled":true,"_links":{"self":[{"href":"https:\/\/encuentroinformativo.com.mx\/index.php?rest_route=\/wp\/v2\/posts\/35303","targetHints":{"allow":["GET"]}}],"collection":[{"href":"https:\/\/encuentroinformativo.com.mx\/index.php?rest_route=\/wp\/v2\/posts"}],"about":[{"href":"https:\/\/encuentroinformativo.com.mx\/index.php?rest_route=\/wp\/v2\/types\/post"}],"author":[{"embeddable":true,"href":"https:\/\/encuentroinformativo.com.mx\/index.php?rest_route=\/wp\/v2\/users\/2476"}],"replies":[{"embeddable":true,"href":"https:\/\/encuentroinformativo.com.mx\/index.php?rest_route=%2Fwp%2Fv2%2Fcomments&post=35303"}],"version-history":[{"count":1,"href":"https:\/\/encuentroinformativo.com.mx\/index.php?rest_route=\/wp\/v2\/posts\/35303\/revisions"}],"predecessor-version":[{"id":35306,"href":"https:\/\/encuentroinformativo.com.mx\/index.php?rest_route=\/wp\/v2\/posts\/35303\/revisions\/35306"}],"wp:featuredmedia":[{"embeddable":true,"href":"https:\/\/encuentroinformativo.com.mx\/index.php?rest_route=\/wp\/v2\/media\/35304"}],"wp:attachment":[{"href":"https:\/\/encuentroinformativo.com.mx\/index.php?rest_route=%2Fwp%2Fv2%2Fmedia&parent=35303"}],"wp:term":[{"taxonomy":"category","embeddable":true,"href":"https:\/\/encuentroinformativo.com.mx\/index.php?rest_route=%2Fwp%2Fv2%2Fcategories&post=35303"},{"taxonomy":"post_tag","embeddable":true,"href":"https:\/\/encuentroinformativo.com.mx\/index.php?rest_route=%2Fwp%2Fv2%2Ftags&post=35303"}],"curies":[{"name":"wp","href":"https:\/\/api.w.org\/{rel}","templated":true}]}}