{"id":35309,"date":"2023-01-11T10:44:50","date_gmt":"2023-01-11T16:44:50","guid":{"rendered":"https:\/\/encuentroinformativo.com.mx\/?p=35309"},"modified":"2023-01-11T10:44:54","modified_gmt":"2023-01-11T16:44:54","slug":"diputada-visitara-senado-para-concretar-legislacion-de-ley-monse","status":"publish","type":"post","link":"https:\/\/encuentroinformativo.com.mx\/?p=35309","title":{"rendered":"Diputada visitar\u00e1 Senado para concretar legislaci\u00f3n de Ley Monse"},"content":{"rendered":"\n<p><strong>Alejandro \u00c1vila<\/strong><\/p>\n\n\n\n<p>Veracruz, Ver.- La diputada local, Anil\u00fa Ingram Vallines visitar\u00e1 en pr\u00f3ximos d\u00edas el Senado de la Rep\u00fablica para buscar agilizar la legislaci\u00f3n de la Ley Monse en el estado de Veracruz.<\/p>\n\n\n\n<p>Es de mencionar que en el pasado periodo legislativo del Congreso de Veracruz, Morena desestim\u00f3 subir al pleno la votaci\u00f3n para la aprobaci\u00f3n de la Ley Monse, argumentando que deb\u00eda ser revisada por la Diputaci\u00f3n Federal y el Senado de la Rep\u00fablica.<\/p>\n\n\n\n<p>&#8220;Vamos tambi\u00e9n pronto a visitar el Senado de la Rep\u00fablica, en ese sentido con el seguimiento de la Ley Monse, Morelos ya nos puso el ejemplo que lo aprobaron por unanimidad, y as\u00ed hay otros Congresos tambi\u00e9n que a lo largo de este 2023 van a estar aprobando lo que ser\u00e1 la Ley Monse (\u2026) no vamos a quitar el dedo del rengl\u00f3n, continuaremos en esa lucha en el 2023&#8221;, recalc\u00f3 la priista.<\/p>\n\n\n\n<p>Anil\u00fa Ingram resalt\u00f3 qu\u00e9 el argumento presentado por la bancada de Morena para no dar pas\u00f3 a la aprobaci\u00f3n de la Ley Monse en Veracruz, se trat\u00f3 de un artilugio que solo afecta a las mujeres veracruzanas.<\/p>\n\n\n\n<p>&#8220;Es un tema sumamente complicado, es un tema que llevamos solo unos d\u00edas del 2023 y se dieron los primeros e indignante feminicidios en Veracruz, y continuaremos con ese tema, estaremos visitando el Senado de la Rep\u00fablica en breve para dar seguimiento a lo de la Ley Monse, recordaran que lo que fue a inicios de diciembre pues no se subi\u00f3 el Pleno para su discusi\u00f3n, m\u00e1s all\u00e1 de que fue dictaminada de forma positiva, de forma favorable en el Congreso de Veracruz&#8221;, remat\u00f3.<\/p>\n","protected":false},"excerpt":{"rendered":"<p>Alejandro \u00c1vila Veracruz, Ver.- La diputada local, Anil\u00fa Ingram Vallines visitar\u00e1 en pr\u00f3ximos d\u00edas el Senado de la Rep\u00fablica para buscar agilizar la legislaci\u00f3n de la Ley Monse en el estado de Veracruz. Es de mencionar que en el pasado periodo legislativo del Congreso de Veracruz, Morena desestim\u00f3 subir al pleno la votaci\u00f3n para la [&hellip;]<\/p>\n","protected":false},"author":2476,"featured_media":35310,"comment_status":"open","ping_status":"open","sticky":false,"template":"","format":"standard","meta":{"_jetpack_memberships_contains_paid_content":false,"footnotes":""},"categories":[12],"tags":[],"class_list":["post-35309","post","type-post","status-publish","format-standard","has-post-thumbnail","hentry","category-nacional"],"jetpack_featured_media_url":"https:\/\/encuentroinformativo.com.mx\/wp-content\/uploads\/2023\/01\/IMG-20230111-WA00093.jpg","jetpack_sharing_enabled":true,"jetpack_likes_enabled":true,"amp_enabled":true,"_links":{"self":[{"href":"https:\/\/encuentroinformativo.com.mx\/index.php?rest_route=\/wp\/v2\/posts\/35309","targetHints":{"allow":["GET"]}}],"collection":[{"href":"https:\/\/encuentroinformativo.com.mx\/index.php?rest_route=\/wp\/v2\/posts"}],"about":[{"href":"https:\/\/encuentroinformativo.com.mx\/index.php?rest_route=\/wp\/v2\/types\/post"}],"author":[{"embeddable":true,"href":"https:\/\/encuentroinformativo.com.mx\/index.php?rest_route=\/wp\/v2\/users\/2476"}],"replies":[{"embeddable":true,"href":"https:\/\/encuentroinformativo.com.mx\/index.php?rest_route=%2Fwp%2Fv2%2Fcomments&post=35309"}],"version-history":[{"count":1,"href":"https:\/\/encuentroinformativo.com.mx\/index.php?rest_route=\/wp\/v2\/posts\/35309\/revisions"}],"predecessor-version":[{"id":35311,"href":"https:\/\/encuentroinformativo.com.mx\/index.php?rest_route=\/wp\/v2\/posts\/35309\/revisions\/35311"}],"wp:featuredmedia":[{"embeddable":true,"href":"https:\/\/encuentroinformativo.com.mx\/index.php?rest_route=\/wp\/v2\/media\/35310"}],"wp:attachment":[{"href":"https:\/\/encuentroinformativo.com.mx\/index.php?rest_route=%2Fwp%2Fv2%2Fmedia&parent=35309"}],"wp:term":[{"taxonomy":"category","embeddable":true,"href":"https:\/\/encuentroinformativo.com.mx\/index.php?rest_route=%2Fwp%2Fv2%2Fcategories&post=35309"},{"taxonomy":"post_tag","embeddable":true,"href":"https:\/\/encuentroinformativo.com.mx\/index.php?rest_route=%2Fwp%2Fv2%2Ftags&post=35309"}],"curies":[{"name":"wp","href":"https:\/\/api.w.org\/{rel}","templated":true}]}}