{"id":3531,"date":"2020-06-22T12:15:27","date_gmt":"2020-06-22T17:15:27","guid":{"rendered":"https:\/\/encuentroinformativo.com\/?p=3531"},"modified":"2020-06-22T12:15:29","modified_gmt":"2020-06-22T17:15:29","slug":"abogados-solicitan-al-poder-judicial-reanudar-actividades","status":"publish","type":"post","link":"https:\/\/encuentroinformativo.com.mx\/?p=3531","title":{"rendered":"Abogados solicitan al Poder Judicial reanudar actividades"},"content":{"rendered":"\n<p><strong>Dar\u00edo Pale <\/strong><\/p>\n\n\n\n<p>Xalapa, Ver.- Mediante un escrito dirigido a la Magistrada Presidenta del Poder Judicial del Estado de Veracruz Sofia Mart\u00ednez Huerta est\u00e1n solicitando que inicien con el regreso escalonado a las actividades toda vez que desde hace tres meses se suspendieron todos los trabajos por la pandemia generada por el coronavirus COVID-19.<\/p>\n\n\n\n<p>En conferencia de prensa realiza en conocido caf\u00e9 del centro de Xalapa, la \u00a0abogada Mar\u00eda de la Luz Ben\u00edtez Garc\u00eda record\u00f3 que a diferencia de lo que ha hecho la Suprema Corte de Justicia de la Naci\u00f3n (SCNJ) de regresar poco a poco, en el Poder Judicial cada 15 d\u00edas emiten una nueva circular posponiendo las actividades.<\/p>\n\n\n\n<p>Dijo que actualmente \u00fanicamente est\u00e1n aceptando oficios pero no les est\u00e1n dando tr\u00e1mite, solo reciben tema de alimentos pero no \u201catienden casos de custodia, todo est\u00e1 parado\u201d.<\/p>\n\n\n\n<p>Agreg\u00f3 que el temor es que tras su regreso \u00fanicamente trabajen don semanas y luego anuncien que tomar\u00e1n su periodo de vacaciones.<\/p>\n\n\n\n<p>\u201cLe exigimos reiniciar actividades porque se ha olvidado que la justicia es esencial; Los justiciables que tienen asuntos detenidos est\u00e1n siendo vulnerados en sus derechos\u201c, se\u00f1al\u00f3.<\/p>\n\n\n\n<p>\u201cQue hagan los mismo que la Suprema Corte para regresar de manera escalonada y sus vacaciones se har\u00e1n de la misma manera, estamos pidi\u00e9ndole que por primera vez en la historia apoye y no se vayan de vacaciones, que no permitan que la justicia siga durmiendo\u201c, finaliz\u00f3.<\/p>\n\n\n\n<p><\/p>\n","protected":false},"excerpt":{"rendered":"<p>Dar\u00edo Pale Xalapa, Ver.- Mediante un escrito dirigido a la Magistrada Presidenta del Poder Judicial del Estado de Veracruz Sofia Mart\u00ednez Huerta est\u00e1n solicitando que inicien con el regreso escalonado a las actividades toda vez que desde hace tres meses se suspendieron todos los trabajos por la pandemia generada por el coronavirus COVID-19. En conferencia [&hellip;]<\/p>\n","protected":false},"author":1,"featured_media":3532,"comment_status":"open","ping_status":"open","sticky":false,"template":"","format":"standard","meta":{"_jetpack_memberships_contains_paid_content":false,"footnotes":""},"categories":[3],"tags":[],"class_list":["post-3531","post","type-post","status-publish","format-standard","has-post-thumbnail","hentry","category-xalapa"],"jetpack_featured_media_url":"https:\/\/encuentroinformativo.com.mx\/wp-content\/uploads\/2020\/06\/A6EB66A9-232D-4961-B529-093AE954C2E8.jpeg","jetpack_sharing_enabled":true,"jetpack_likes_enabled":true,"amp_enabled":true,"_links":{"self":[{"href":"https:\/\/encuentroinformativo.com.mx\/index.php?rest_route=\/wp\/v2\/posts\/3531","targetHints":{"allow":["GET"]}}],"collection":[{"href":"https:\/\/encuentroinformativo.com.mx\/index.php?rest_route=\/wp\/v2\/posts"}],"about":[{"href":"https:\/\/encuentroinformativo.com.mx\/index.php?rest_route=\/wp\/v2\/types\/post"}],"author":[{"embeddable":true,"href":"https:\/\/encuentroinformativo.com.mx\/index.php?rest_route=\/wp\/v2\/users\/1"}],"replies":[{"embeddable":true,"href":"https:\/\/encuentroinformativo.com.mx\/index.php?rest_route=%2Fwp%2Fv2%2Fcomments&post=3531"}],"version-history":[{"count":1,"href":"https:\/\/encuentroinformativo.com.mx\/index.php?rest_route=\/wp\/v2\/posts\/3531\/revisions"}],"predecessor-version":[{"id":3533,"href":"https:\/\/encuentroinformativo.com.mx\/index.php?rest_route=\/wp\/v2\/posts\/3531\/revisions\/3533"}],"wp:featuredmedia":[{"embeddable":true,"href":"https:\/\/encuentroinformativo.com.mx\/index.php?rest_route=\/wp\/v2\/media\/3532"}],"wp:attachment":[{"href":"https:\/\/encuentroinformativo.com.mx\/index.php?rest_route=%2Fwp%2Fv2%2Fmedia&parent=3531"}],"wp:term":[{"taxonomy":"category","embeddable":true,"href":"https:\/\/encuentroinformativo.com.mx\/index.php?rest_route=%2Fwp%2Fv2%2Fcategories&post=3531"},{"taxonomy":"post_tag","embeddable":true,"href":"https:\/\/encuentroinformativo.com.mx\/index.php?rest_route=%2Fwp%2Fv2%2Ftags&post=3531"}],"curies":[{"name":"wp","href":"https:\/\/api.w.org\/{rel}","templated":true}]}}