{"id":35312,"date":"2023-01-11T10:58:34","date_gmt":"2023-01-11T16:58:34","guid":{"rendered":"https:\/\/encuentroinformativo.com.mx\/?p=35312"},"modified":"2023-01-11T10:58:37","modified_gmt":"2023-01-11T16:58:37","slug":"agreden-a-policias-de-rafael-delgado-pobladores-acusan-abusos","status":"publish","type":"post","link":"https:\/\/encuentroinformativo.com.mx\/?p=35312","title":{"rendered":"Agreden a polic\u00edas de Rafael Delgado; pobladores acusan abusos"},"content":{"rendered":"\n<p><strong>Alejandro \u00c1vila<\/strong><\/p>\n\n\n\n<p>Rafael Delgado, Ver.- Un peque\u00f1o grupo armado dispar\u00f3 en contra de la Comandancia de Polic\u00eda en el municipio de Rafael Delgado, generando un enfrentamiento en contra de la Polic\u00eda Municipal.<\/p>\n\n\n\n<p>Los hechos ocurrieron cerca de las 23 horas de este martes 10 de enero; mientras un sector de la poblaci\u00f3n se manifestaba a las afueras del Palacio Municipal, pues exig\u00edan la presencia de la Guardia Nacional en la zona.<\/p>\n\n\n\n<p>Los manifestantes se\u00f1alan que desde el asesinato del alcalde Isauro Ambrosio el pasado 30 de diciembre, las corporaciones policiales han allanado viviendas y han detenido a personas inocentes, generando un p\u00e1nico entre la poblaci\u00f3n, por lo cual solicita el apoyo de las autoridades federales.<\/p>\n\n\n\n<p>Durante la pac\u00edfica manifestaci\u00f3n de los ciudadanos apareci\u00f3 un peque\u00f1o grupo armado que disparo en contra de la Comandancia de Polic\u00eda que se encuentra en los bajos del Palacio Municipal, entre la revuelta, aprovecharon para robar una moto patrulla, la cual incendiaron en la avenida Benito Ju\u00e1rez en el centro de la ciudad.<\/p>\n\n\n\n<figure class=\"wp-block-image size-large\"><img loading=\"lazy\" decoding=\"async\" width=\"576\" height=\"1024\" src=\"https:\/\/encuentroinformativo.com.mx\/wp-content\/uploads\/2023\/01\/IMG-20230111-WA0010-576x1024.jpg\" alt=\"\" class=\"wp-image-35314\" srcset=\"https:\/\/encuentroinformativo.com.mx\/wp-content\/uploads\/2023\/01\/IMG-20230111-WA0010-576x1024.jpg 576w, https:\/\/encuentroinformativo.com.mx\/wp-content\/uploads\/2023\/01\/IMG-20230111-WA0010-169x300.jpg 169w, https:\/\/encuentroinformativo.com.mx\/wp-content\/uploads\/2023\/01\/IMG-20230111-WA0010-768x1366.jpg 768w, https:\/\/encuentroinformativo.com.mx\/wp-content\/uploads\/2023\/01\/IMG-20230111-WA0010-864x1536.jpg 864w, https:\/\/encuentroinformativo.com.mx\/wp-content\/uploads\/2023\/01\/IMG-20230111-WA0010.jpg 899w\" sizes=\"auto, (max-width: 576px) 100vw, 576px\" \/><\/figure>\n","protected":false},"excerpt":{"rendered":"<p>Alejandro \u00c1vila Rafael Delgado, Ver.- Un peque\u00f1o grupo armado dispar\u00f3 en contra de la Comandancia de Polic\u00eda en el municipio de Rafael Delgado, generando un enfrentamiento en contra de la Polic\u00eda Municipal. Los hechos ocurrieron cerca de las 23 horas de este martes 10 de enero; mientras un sector de la poblaci\u00f3n se manifestaba a [&hellip;]<\/p>\n","protected":false},"author":2476,"featured_media":35313,"comment_status":"open","ping_status":"open","sticky":false,"template":"","format":"standard","meta":{"_jetpack_memberships_contains_paid_content":false,"footnotes":""},"categories":[14],"tags":[],"class_list":["post-35312","post","type-post","status-publish","format-standard","has-post-thumbnail","hentry","category-policiaca"],"jetpack_featured_media_url":"https:\/\/encuentroinformativo.com.mx\/wp-content\/uploads\/2023\/01\/IMG-20230111-WA0011.jpg","jetpack_sharing_enabled":true,"jetpack_likes_enabled":true,"amp_enabled":true,"_links":{"self":[{"href":"https:\/\/encuentroinformativo.com.mx\/index.php?rest_route=\/wp\/v2\/posts\/35312","targetHints":{"allow":["GET"]}}],"collection":[{"href":"https:\/\/encuentroinformativo.com.mx\/index.php?rest_route=\/wp\/v2\/posts"}],"about":[{"href":"https:\/\/encuentroinformativo.com.mx\/index.php?rest_route=\/wp\/v2\/types\/post"}],"author":[{"embeddable":true,"href":"https:\/\/encuentroinformativo.com.mx\/index.php?rest_route=\/wp\/v2\/users\/2476"}],"replies":[{"embeddable":true,"href":"https:\/\/encuentroinformativo.com.mx\/index.php?rest_route=%2Fwp%2Fv2%2Fcomments&post=35312"}],"version-history":[{"count":1,"href":"https:\/\/encuentroinformativo.com.mx\/index.php?rest_route=\/wp\/v2\/posts\/35312\/revisions"}],"predecessor-version":[{"id":35315,"href":"https:\/\/encuentroinformativo.com.mx\/index.php?rest_route=\/wp\/v2\/posts\/35312\/revisions\/35315"}],"wp:featuredmedia":[{"embeddable":true,"href":"https:\/\/encuentroinformativo.com.mx\/index.php?rest_route=\/wp\/v2\/media\/35313"}],"wp:attachment":[{"href":"https:\/\/encuentroinformativo.com.mx\/index.php?rest_route=%2Fwp%2Fv2%2Fmedia&parent=35312"}],"wp:term":[{"taxonomy":"category","embeddable":true,"href":"https:\/\/encuentroinformativo.com.mx\/index.php?rest_route=%2Fwp%2Fv2%2Fcategories&post=35312"},{"taxonomy":"post_tag","embeddable":true,"href":"https:\/\/encuentroinformativo.com.mx\/index.php?rest_route=%2Fwp%2Fv2%2Ftags&post=35312"}],"curies":[{"name":"wp","href":"https:\/\/api.w.org\/{rel}","templated":true}]}}