{"id":35316,"date":"2023-01-11T11:39:14","date_gmt":"2023-01-11T17:39:14","guid":{"rendered":"https:\/\/encuentroinformativo.com.mx\/?p=35316"},"modified":"2023-01-11T11:39:18","modified_gmt":"2023-01-11T17:39:18","slug":"invitan-a-exposicion-testimonios-de-la-epoca-de-oro","status":"publish","type":"post","link":"https:\/\/encuentroinformativo.com.mx\/?p=35316","title":{"rendered":"Invitan a exposici\u00f3n Testimonios de la \u00c9poca de Oro"},"content":{"rendered":"\n<p><strong>Dar\u00edo Pale <\/strong><\/p>\n\n\n\n<p>Xalapa, Ver.- Invitan a la exposici\u00f3n &#8220;Testimonios de la \u00c9poca de Oro del Cine Mexicano&#8221;, ser\u00e1 este viernes en el Centro Recreativo Xalape\u00f1o a las 19 horas, as\u00ed lo dio a conocer M\u00f3nica Sangabriel de la agrupaci\u00f3n &#8220;Lo que Veracruz Produce&#8221;.<\/p>\n\n\n\n<p>En conferencia de prensa dio a conocer que en el Centro Recreativo de Xalapa se presentar\u00e1n las exposiciones, Testimonios de la \u00c9poca de Oro del Cine Mexicano y la relativa a Lorenzo Barcelata.\u00a0<\/p>\n\n\n\n<p>Dio a conocer que el proyecto pretende coadyuvar con la zona a renovar los servicios de oferta cultural, tur\u00edstica y comercial.<\/p>\n\n\n\n<p>En ese sentido, detall\u00f3 que el viernes 13 de enero a las 19:00 horas, se llevar\u00e1 a cabo la inauguraci\u00f3n de las exposiciones: &#8220;Testimonios de la \u00c9poca de Oro del Cine Mexicano&#8221; y la relativa el compositor Tlalixcoyano, &#8220;Lorenzo Barcelata&#8221;.\u00a0<\/p>\n\n\n\n<p>Ambas ser\u00e1n en el Centro Recreativo de Xalapa y estar\u00e1n vigentes hasta el 3 de febrero. El trio &#8220;Rom\u00e1nticos Latinos&#8221; ser\u00e1 el encargado de amenizar el evento con temas de pel\u00edculas de la \u00e9poca de oro.\u00a0<\/p>\n\n\n\n<p>&#8220;Con su inicio en 1936 considerando que dur\u00f3 hasta mediados de los a\u00f1os cincuenta, las pel\u00edculas exponentes de esta \u00e9poca eran en blanco y negro, las cuales se acercan a los 100 a\u00f1os de edad, y le siguen de cerca los actores que las protagonizaron, algunos todav\u00eda sobreviven hasta nuestros tiempos, es una ventana al pasado llena de recuerdos, con artistas por lo regular vestidos de charros se detienen a entonar una canci\u00f3n ranchera en cada oportunidad&#8221;, se\u00f1al\u00f3.<\/p>\n\n\n\n<p>Para la exposici\u00f3n de &#8220;Lorenzo Barcelata&#8221;, se har\u00e1 muestra de dos guitarras y un sarape que port\u00f3 el distinguido compositor de uno de los temas m\u00e1s reconocidos a nivel mundial &#8220;El Cascabel&#8221;, asi como material fotogr\u00e1fico y su busto.<\/p>\n\n\n\n<p>Este busto fue elaborado por el Maestro H\u00e9ctor Caba\u00f1as \u00c1lvarez, quien explic\u00f3 que est\u00e1 hecho de marmolina, granos de m\u00e1rmol y cemento para darle una apariencia de metal.\u00a0<\/p>\n\n\n\n<p>La fecha tentativa para su develaci\u00f3n ser\u00e1 en el mes de marzo en la Avenida Xalapa.<\/p>\n\n\n\n<p>La entrevistada coment\u00f3 que el proyecto pretende coadyuvar con la zona a renovar los servicios de oferta cultural, tur\u00edstica y comercial.\u00a0<\/p>\n\n\n\n<p>&#8220;Adem\u00e1s es una contribuci\u00f3n para que la capital desarrolle proyectos y productos que otorguen un valor agregado y diferente al destino turistico del estado de Veracruz&#8221;, coment\u00f3.<\/p>\n\n\n\n<p>Asimismo, destac\u00f3 que esto se hizo posible gracias a Ernesto Garc\u00eda Romero, originario de la Ciudad de M\u00e9xico, desde 1997 director de la Red Cultural Mexicanista y a partir del 2015 coordinador del Museo Centro Cultural de Pedro Infante.\u00a0<\/p>\n\n\n\n<p>&#8220;Quien nos proporciona material gr\u00e1fico relativo al tema incluyendo: fotografias, carteles de cine, revistas, libros, peri\u00f3dicos (recortes) as\u00ed como algunos objetos conmemorativos o significativos, como textiles, trajes y una serie de impresiones tem\u00e1ticas en formato tabloide de la \u00e9poca de Oro&#8221;, inform\u00f3.<\/p>\n\n\n\n<p>Destac\u00f3 las gran labor por parte de Rub\u00e9n Volant\u00edn Jim\u00e9nez, tambi\u00e9n integrante de la Red Cultural de M\u00e9xico.\u00a0<\/p>\n\n\n\n<p>M\u00f3nica Sangabriel Acosta, del grupo de artesanos &#8220;Lo que Veracruz Produce&#8221;, hizo la invitaci\u00f3n para rescatar un patrimonio cultural y revivir la \u00c9poca de Oro del cine mexicano.<\/p>\n\n\n\n<p>Dentro de este evento, estar\u00e1 la &#8220;Expo Artesanal&#8221;, donde habr\u00e1 talleres, artesan\u00edas, productos de diferentes rubros, como es joyer\u00eda artesanal, arte de cuero y grabados, textiles, bordados y tejidos, artesania en piedras, manualidades en fieltro, libretas artesanales y cosm\u00e9tica natural.<\/p>\n\n\n\n<p>Ser\u00e1n acompa\u00f1adas con las delicias de los alimentos t\u00edpicos como botanas, salsitas y dulces t\u00edpicos de la regi\u00f3n, as\u00ed como la medicina tradicional a base de herbolaria.<\/p>\n\n\n\n<p>Finalmente se\u00f1al\u00f3 que, &#8220;con ello se pretende brindar a los artesanos una opci\u00f3n para ofrecer sus productos en un lugar con cultura mexicana&#8221;.<\/p>\n","protected":false},"excerpt":{"rendered":"<p>Dar\u00edo Pale Xalapa, Ver.- Invitan a la exposici\u00f3n &#8220;Testimonios de la \u00c9poca de Oro del Cine Mexicano&#8221;, ser\u00e1 este viernes en el Centro Recreativo Xalape\u00f1o a las 19 horas, as\u00ed lo dio a conocer M\u00f3nica Sangabriel de la agrupaci\u00f3n &#8220;Lo que Veracruz Produce&#8221;. En conferencia de prensa dio a conocer que en el Centro Recreativo [&hellip;]<\/p>\n","protected":false},"author":2476,"featured_media":35317,"comment_status":"open","ping_status":"open","sticky":false,"template":"","format":"standard","meta":{"_jetpack_memberships_contains_paid_content":false,"footnotes":""},"categories":[3],"tags":[],"class_list":["post-35316","post","type-post","status-publish","format-standard","has-post-thumbnail","hentry","category-xalapa"],"jetpack_featured_media_url":"https:\/\/encuentroinformativo.com.mx\/wp-content\/uploads\/2023\/01\/IMG-20230111-WA0014.jpg","jetpack_sharing_enabled":true,"jetpack_likes_enabled":true,"amp_enabled":true,"_links":{"self":[{"href":"https:\/\/encuentroinformativo.com.mx\/index.php?rest_route=\/wp\/v2\/posts\/35316","targetHints":{"allow":["GET"]}}],"collection":[{"href":"https:\/\/encuentroinformativo.com.mx\/index.php?rest_route=\/wp\/v2\/posts"}],"about":[{"href":"https:\/\/encuentroinformativo.com.mx\/index.php?rest_route=\/wp\/v2\/types\/post"}],"author":[{"embeddable":true,"href":"https:\/\/encuentroinformativo.com.mx\/index.php?rest_route=\/wp\/v2\/users\/2476"}],"replies":[{"embeddable":true,"href":"https:\/\/encuentroinformativo.com.mx\/index.php?rest_route=%2Fwp%2Fv2%2Fcomments&post=35316"}],"version-history":[{"count":1,"href":"https:\/\/encuentroinformativo.com.mx\/index.php?rest_route=\/wp\/v2\/posts\/35316\/revisions"}],"predecessor-version":[{"id":35318,"href":"https:\/\/encuentroinformativo.com.mx\/index.php?rest_route=\/wp\/v2\/posts\/35316\/revisions\/35318"}],"wp:featuredmedia":[{"embeddable":true,"href":"https:\/\/encuentroinformativo.com.mx\/index.php?rest_route=\/wp\/v2\/media\/35317"}],"wp:attachment":[{"href":"https:\/\/encuentroinformativo.com.mx\/index.php?rest_route=%2Fwp%2Fv2%2Fmedia&parent=35316"}],"wp:term":[{"taxonomy":"category","embeddable":true,"href":"https:\/\/encuentroinformativo.com.mx\/index.php?rest_route=%2Fwp%2Fv2%2Fcategories&post=35316"},{"taxonomy":"post_tag","embeddable":true,"href":"https:\/\/encuentroinformativo.com.mx\/index.php?rest_route=%2Fwp%2Fv2%2Ftags&post=35316"}],"curies":[{"name":"wp","href":"https:\/\/api.w.org\/{rel}","templated":true}]}}