{"id":35319,"date":"2023-01-11T12:59:13","date_gmt":"2023-01-11T18:59:13","guid":{"rendered":"https:\/\/encuentroinformativo.com.mx\/?p=35319"},"modified":"2023-01-11T12:59:17","modified_gmt":"2023-01-11T18:59:17","slug":"se-registro-nueva-fuga-de-gas-en-edificio-nachita","status":"publish","type":"post","link":"https:\/\/encuentroinformativo.com.mx\/?p=35319","title":{"rendered":"Se registr\u00f3 nueva fuga de gas en edificio Nachita"},"content":{"rendered":"\n<p><strong>Dar\u00edo Pale <\/strong><\/p>\n\n\n\n<p>Xalapa, Ver.- Se registra de nueva cuenta una fuga de gas en el edificio Nachita de Xalapa, en la avenida Enr\u00edquez se movilizaron los cuerpos de emergencia.<\/p>\n\n\n\n<p>Por segunda ocasi\u00f3n se registr\u00f3 otra fuga de gas en el edificio Nachita del centro de Xalapa, al lugar llegaron elementos del Cuerpo de Bomberos, as\u00ed como integrantes de Protecci\u00f3n Civil.<\/p>\n\n\n\n<p>No hubo necesidad de que se interrumpiera el tr\u00e1fico o se cerrara alguna vialidad, ya que fue m\u00ednimo y los elementos de los cuerpos de emergencia revisaron la conexi\u00f3n de la v\u00e1lvula de llenado y al final no registr\u00f3 incidente alguno.<\/p>\n\n\n\n<p>Despu\u00e9s de corroborar que no hab\u00eda ya peligro alguno los elementos de Protecci\u00f3n Civil Municipal, elementos de la polic\u00eda municipal y estatal al igual que elementos de tr\u00e1nsito se retiraron del lugar.<\/p>\n\n\n\n<p>Como se recordar\u00e1, el pasado 28 de diciembre se registr\u00f3 otra fuga, la cual fue m\u00e1s intensa, pero sin que tampoco hubiera alg\u00fan incidente.<\/p>\n\n\n\n<figure class=\"wp-block-image size-large\"><img loading=\"lazy\" decoding=\"async\" width=\"1024\" height=\"768\" src=\"https:\/\/encuentroinformativo.com.mx\/wp-content\/uploads\/2023\/01\/IMG-20230111-WA0033-1024x768.jpg\" alt=\"\" class=\"wp-image-35321\" srcset=\"https:\/\/encuentroinformativo.com.mx\/wp-content\/uploads\/2023\/01\/IMG-20230111-WA0033-1024x768.jpg 1024w, https:\/\/encuentroinformativo.com.mx\/wp-content\/uploads\/2023\/01\/IMG-20230111-WA0033-300x225.jpg 300w, https:\/\/encuentroinformativo.com.mx\/wp-content\/uploads\/2023\/01\/IMG-20230111-WA0033-768x576.jpg 768w, https:\/\/encuentroinformativo.com.mx\/wp-content\/uploads\/2023\/01\/IMG-20230111-WA0033-1536x1152.jpg 1536w, https:\/\/encuentroinformativo.com.mx\/wp-content\/uploads\/2023\/01\/IMG-20230111-WA0033.jpg 1600w\" sizes=\"auto, (max-width: 1024px) 100vw, 1024px\" \/><\/figure>\n\n\n\n<p><\/p>\n","protected":false},"excerpt":{"rendered":"<p>Dar\u00edo Pale Xalapa, Ver.- Se registra de nueva cuenta una fuga de gas en el edificio Nachita de Xalapa, en la avenida Enr\u00edquez se movilizaron los cuerpos de emergencia. Por segunda ocasi\u00f3n se registr\u00f3 otra fuga de gas en el edificio Nachita del centro de Xalapa, al lugar llegaron elementos del Cuerpo de Bomberos, as\u00ed [&hellip;]<\/p>\n","protected":false},"author":2476,"featured_media":35320,"comment_status":"open","ping_status":"open","sticky":false,"template":"","format":"standard","meta":{"_jetpack_memberships_contains_paid_content":false,"footnotes":""},"categories":[3],"tags":[],"class_list":["post-35319","post","type-post","status-publish","format-standard","has-post-thumbnail","hentry","category-xalapa"],"jetpack_featured_media_url":"https:\/\/encuentroinformativo.com.mx\/wp-content\/uploads\/2023\/01\/IMG-20230111-WA0036.jpg","jetpack_sharing_enabled":true,"jetpack_likes_enabled":true,"amp_enabled":true,"_links":{"self":[{"href":"https:\/\/encuentroinformativo.com.mx\/index.php?rest_route=\/wp\/v2\/posts\/35319","targetHints":{"allow":["GET"]}}],"collection":[{"href":"https:\/\/encuentroinformativo.com.mx\/index.php?rest_route=\/wp\/v2\/posts"}],"about":[{"href":"https:\/\/encuentroinformativo.com.mx\/index.php?rest_route=\/wp\/v2\/types\/post"}],"author":[{"embeddable":true,"href":"https:\/\/encuentroinformativo.com.mx\/index.php?rest_route=\/wp\/v2\/users\/2476"}],"replies":[{"embeddable":true,"href":"https:\/\/encuentroinformativo.com.mx\/index.php?rest_route=%2Fwp%2Fv2%2Fcomments&post=35319"}],"version-history":[{"count":1,"href":"https:\/\/encuentroinformativo.com.mx\/index.php?rest_route=\/wp\/v2\/posts\/35319\/revisions"}],"predecessor-version":[{"id":35322,"href":"https:\/\/encuentroinformativo.com.mx\/index.php?rest_route=\/wp\/v2\/posts\/35319\/revisions\/35322"}],"wp:featuredmedia":[{"embeddable":true,"href":"https:\/\/encuentroinformativo.com.mx\/index.php?rest_route=\/wp\/v2\/media\/35320"}],"wp:attachment":[{"href":"https:\/\/encuentroinformativo.com.mx\/index.php?rest_route=%2Fwp%2Fv2%2Fmedia&parent=35319"}],"wp:term":[{"taxonomy":"category","embeddable":true,"href":"https:\/\/encuentroinformativo.com.mx\/index.php?rest_route=%2Fwp%2Fv2%2Fcategories&post=35319"},{"taxonomy":"post_tag","embeddable":true,"href":"https:\/\/encuentroinformativo.com.mx\/index.php?rest_route=%2Fwp%2Fv2%2Ftags&post=35319"}],"curies":[{"name":"wp","href":"https:\/\/api.w.org\/{rel}","templated":true}]}}