{"id":35323,"date":"2023-01-11T13:07:35","date_gmt":"2023-01-11T19:07:35","guid":{"rendered":"https:\/\/encuentroinformativo.com.mx\/?p=35323"},"modified":"2023-01-11T13:07:38","modified_gmt":"2023-01-11T19:07:38","slug":"a-pesar-de-hechos-violentos-defiende-gobernador-estrategias-de-seguridad","status":"publish","type":"post","link":"https:\/\/encuentroinformativo.com.mx\/?p=35323","title":{"rendered":"A pesar de hechos violentos, defiende Gobernador estrategias de seguridad"},"content":{"rendered":"\n<p><strong>Dar\u00edo Pale <\/strong><\/p>\n\n\n\n<p>Xalapa, Ver.- La estrategia de seguridad no va a cambiar, est\u00e1 dando resultados, las bandas est\u00e1n muy debilitadas, se enfrentan entre ellas, pero no ponen en riesgo a poblaci\u00f3n, asegur\u00f3 el gobernador del estado Cuitl\u00e1huac Garc\u00eda Jim\u00e9nez.<\/p>\n\n\n\n<p>En conferencia de prensa se\u00f1al\u00f3 que, no va a cambiar porque est\u00e1 dando resultados y ello lo demuestran las detenciones que se han venido realizando y que han generado la reacci\u00f3n de las diversas celulas delictivas.<\/p>\n\n\n\n<p>&#8220;El que reaccionen no nos va a hacer cambiar, eso quiere decir que estamos en efecto, logrando estas detenciones&#8221;, se\u00f1al\u00f3.<\/p>\n\n\n\n<p>&#8220;Los grupos delictivos est\u00e1n muy molestos porque antes no se les tocaba, pactaban con ellos, nosotros no&#8221;, agreg\u00f3.<\/p>\n\n\n\n<p>&#8220;C\u00f3mo vamos a cambiar la estrategia si les estamos dando duro. No, no hay cambio, vamos sobre todos ellos con las detenciones, las vinculaciones a proceso y las sentencias&#8221;, advirti\u00f3.<\/p>\n\n\n\n<p>En ese sentido, asegur\u00f3 que los hechos delictivos ocurridos en el municipio de C\u00f3rdoba est\u00e1n relacionados con los cr\u00edmenes ocurridos en contra de autoridades municipales de Omealca, Tezonapa y Rafael Delgado.<\/p>\n\n\n\n<p>Recalc\u00f3 que los presuntos delincuentes reaccionaron de manera violenta con los ataques a los elementos policiacos porque se han hecho varias detenciones en la zona.<\/p>\n\n\n\n<p>Afirm\u00f3 que el operativo se mantendr\u00e1 hasta que logren mayor n\u00famero de personas detenidas relacionadas con los hechos de este martes.<\/p>\n\n\n\n<p>&#8220;Ah\u00ed ya se empiezan a dividir, a fraccionar, tenemosidentifocados a algunos de ellos. Hemos detenido a algunos, entonces se van fraccionando y como se los hab\u00eda comentado, entran en disputa sobre qui\u00e9n va a subir a otro nivel y entre ellos se andan dando&#8221;, expuso.<\/p>\n\n\n\n<p>Por \u00faltimo defini\u00f3 que los enfrentamientos entre las bandas no ponen en mayor riesgo a la poblaci\u00f3n, adem\u00e1s asegur\u00f3 que est\u00e1n &#8220;muy debilitada su capacidad&#8221;.<\/p>\n","protected":false},"excerpt":{"rendered":"<p>Dar\u00edo Pale Xalapa, Ver.- La estrategia de seguridad no va a cambiar, est\u00e1 dando resultados, las bandas est\u00e1n muy debilitadas, se enfrentan entre ellas, pero no ponen en riesgo a poblaci\u00f3n, asegur\u00f3 el gobernador del estado Cuitl\u00e1huac Garc\u00eda Jim\u00e9nez. En conferencia de prensa se\u00f1al\u00f3 que, no va a cambiar porque est\u00e1 dando resultados y ello [&hellip;]<\/p>\n","protected":false},"author":2476,"featured_media":35324,"comment_status":"open","ping_status":"open","sticky":false,"template":"","format":"standard","meta":{"_jetpack_memberships_contains_paid_content":false,"footnotes":""},"categories":[2],"tags":[],"class_list":["post-35323","post","type-post","status-publish","format-standard","has-post-thumbnail","hentry","category-estado"],"jetpack_featured_media_url":"https:\/\/encuentroinformativo.com.mx\/wp-content\/uploads\/2023\/01\/IMG-20230111-WA00452.jpg","jetpack_sharing_enabled":true,"jetpack_likes_enabled":true,"amp_enabled":true,"_links":{"self":[{"href":"https:\/\/encuentroinformativo.com.mx\/index.php?rest_route=\/wp\/v2\/posts\/35323","targetHints":{"allow":["GET"]}}],"collection":[{"href":"https:\/\/encuentroinformativo.com.mx\/index.php?rest_route=\/wp\/v2\/posts"}],"about":[{"href":"https:\/\/encuentroinformativo.com.mx\/index.php?rest_route=\/wp\/v2\/types\/post"}],"author":[{"embeddable":true,"href":"https:\/\/encuentroinformativo.com.mx\/index.php?rest_route=\/wp\/v2\/users\/2476"}],"replies":[{"embeddable":true,"href":"https:\/\/encuentroinformativo.com.mx\/index.php?rest_route=%2Fwp%2Fv2%2Fcomments&post=35323"}],"version-history":[{"count":1,"href":"https:\/\/encuentroinformativo.com.mx\/index.php?rest_route=\/wp\/v2\/posts\/35323\/revisions"}],"predecessor-version":[{"id":35325,"href":"https:\/\/encuentroinformativo.com.mx\/index.php?rest_route=\/wp\/v2\/posts\/35323\/revisions\/35325"}],"wp:featuredmedia":[{"embeddable":true,"href":"https:\/\/encuentroinformativo.com.mx\/index.php?rest_route=\/wp\/v2\/media\/35324"}],"wp:attachment":[{"href":"https:\/\/encuentroinformativo.com.mx\/index.php?rest_route=%2Fwp%2Fv2%2Fmedia&parent=35323"}],"wp:term":[{"taxonomy":"category","embeddable":true,"href":"https:\/\/encuentroinformativo.com.mx\/index.php?rest_route=%2Fwp%2Fv2%2Fcategories&post=35323"},{"taxonomy":"post_tag","embeddable":true,"href":"https:\/\/encuentroinformativo.com.mx\/index.php?rest_route=%2Fwp%2Fv2%2Ftags&post=35323"}],"curies":[{"name":"wp","href":"https:\/\/api.w.org\/{rel}","templated":true}]}}