{"id":35326,"date":"2023-01-11T13:39:23","date_gmt":"2023-01-11T19:39:23","guid":{"rendered":"https:\/\/encuentroinformativo.com.mx\/?p=35326"},"modified":"2023-01-11T13:39:27","modified_gmt":"2023-01-11T19:39:27","slug":"con-lona-denuncian-presunto-acoso-de-subsecretario","status":"publish","type":"post","link":"https:\/\/encuentroinformativo.com.mx\/?p=35326","title":{"rendered":"Con lona, denuncian presunto acoso de subsecretario"},"content":{"rendered":"\n<p>Xalapa, Ver.- En plaza Lerdo fue exhibida una lona contra el subsecretario de la Secretar\u00eda de Finanzas con el texto \u201cVladimir Acosta Guerrero acosador y violador\u201d.<\/p>\n\n\n\n<p>La lona permaneci\u00f3 durante escaso tiempo sobre la explanada de la plaza ya que un par de sujetos la recogieron para llev\u00e1rsela dentro de un veh\u00edculo.<\/p>\n\n\n\n<figure class=\"wp-block-image size-large\"><img loading=\"lazy\" decoding=\"async\" width=\"1024\" height=\"683\" src=\"https:\/\/encuentroinformativo.com.mx\/wp-content\/uploads\/2023\/01\/Photo_1673464816848-1024x683.jpg\" alt=\"\" class=\"wp-image-35328\" srcset=\"https:\/\/encuentroinformativo.com.mx\/wp-content\/uploads\/2023\/01\/Photo_1673464816848-1024x683.jpg 1024w, https:\/\/encuentroinformativo.com.mx\/wp-content\/uploads\/2023\/01\/Photo_1673464816848-300x200.jpg 300w, https:\/\/encuentroinformativo.com.mx\/wp-content\/uploads\/2023\/01\/Photo_1673464816848-768x512.jpg 768w, https:\/\/encuentroinformativo.com.mx\/wp-content\/uploads\/2023\/01\/Photo_1673464816848-1536x1024.jpg 1536w, https:\/\/encuentroinformativo.com.mx\/wp-content\/uploads\/2023\/01\/Photo_1673464816848.jpg 1599w\" sizes=\"auto, (max-width: 1024px) 100vw, 1024px\" \/><\/figure>\n\n\n\n<figure class=\"wp-block-image size-large\"><img loading=\"lazy\" decoding=\"async\" width=\"1024\" height=\"683\" src=\"https:\/\/encuentroinformativo.com.mx\/wp-content\/uploads\/2023\/01\/Photo_1673464731769-1024x683.jpg\" alt=\"\" class=\"wp-image-35329\" srcset=\"https:\/\/encuentroinformativo.com.mx\/wp-content\/uploads\/2023\/01\/Photo_1673464731769-1024x683.jpg 1024w, https:\/\/encuentroinformativo.com.mx\/wp-content\/uploads\/2023\/01\/Photo_1673464731769-300x200.jpg 300w, https:\/\/encuentroinformativo.com.mx\/wp-content\/uploads\/2023\/01\/Photo_1673464731769-768x512.jpg 768w, https:\/\/encuentroinformativo.com.mx\/wp-content\/uploads\/2023\/01\/Photo_1673464731769-1536x1024.jpg 1536w, https:\/\/encuentroinformativo.com.mx\/wp-content\/uploads\/2023\/01\/Photo_1673464731769.jpg 1599w\" sizes=\"auto, (max-width: 1024px) 100vw, 1024px\" \/><\/figure>\n","protected":false},"excerpt":{"rendered":"<p>Xalapa, Ver.- En plaza Lerdo fue exhibida una lona contra el subsecretario de la Secretar\u00eda de Finanzas con el texto \u201cVladimir Acosta Guerrero acosador y violador\u201d. La lona permaneci\u00f3 durante escaso tiempo sobre la explanada de la plaza ya que un par de sujetos la recogieron para llev\u00e1rsela dentro de un veh\u00edculo.<\/p>\n","protected":false},"author":2476,"featured_media":35327,"comment_status":"open","ping_status":"open","sticky":false,"template":"","format":"standard","meta":{"_jetpack_memberships_contains_paid_content":false,"footnotes":""},"categories":[3],"tags":[],"class_list":["post-35326","post","type-post","status-publish","format-standard","has-post-thumbnail","hentry","category-xalapa"],"jetpack_featured_media_url":"https:\/\/encuentroinformativo.com.mx\/wp-content\/uploads\/2023\/01\/Photo_1673464852155.jpg","jetpack_sharing_enabled":true,"jetpack_likes_enabled":true,"amp_enabled":true,"_links":{"self":[{"href":"https:\/\/encuentroinformativo.com.mx\/index.php?rest_route=\/wp\/v2\/posts\/35326","targetHints":{"allow":["GET"]}}],"collection":[{"href":"https:\/\/encuentroinformativo.com.mx\/index.php?rest_route=\/wp\/v2\/posts"}],"about":[{"href":"https:\/\/encuentroinformativo.com.mx\/index.php?rest_route=\/wp\/v2\/types\/post"}],"author":[{"embeddable":true,"href":"https:\/\/encuentroinformativo.com.mx\/index.php?rest_route=\/wp\/v2\/users\/2476"}],"replies":[{"embeddable":true,"href":"https:\/\/encuentroinformativo.com.mx\/index.php?rest_route=%2Fwp%2Fv2%2Fcomments&post=35326"}],"version-history":[{"count":1,"href":"https:\/\/encuentroinformativo.com.mx\/index.php?rest_route=\/wp\/v2\/posts\/35326\/revisions"}],"predecessor-version":[{"id":35330,"href":"https:\/\/encuentroinformativo.com.mx\/index.php?rest_route=\/wp\/v2\/posts\/35326\/revisions\/35330"}],"wp:featuredmedia":[{"embeddable":true,"href":"https:\/\/encuentroinformativo.com.mx\/index.php?rest_route=\/wp\/v2\/media\/35327"}],"wp:attachment":[{"href":"https:\/\/encuentroinformativo.com.mx\/index.php?rest_route=%2Fwp%2Fv2%2Fmedia&parent=35326"}],"wp:term":[{"taxonomy":"category","embeddable":true,"href":"https:\/\/encuentroinformativo.com.mx\/index.php?rest_route=%2Fwp%2Fv2%2Fcategories&post=35326"},{"taxonomy":"post_tag","embeddable":true,"href":"https:\/\/encuentroinformativo.com.mx\/index.php?rest_route=%2Fwp%2Fv2%2Ftags&post=35326"}],"curies":[{"name":"wp","href":"https:\/\/api.w.org\/{rel}","templated":true}]}}