{"id":35331,"date":"2023-01-11T13:56:39","date_gmt":"2023-01-11T19:56:39","guid":{"rendered":"https:\/\/encuentroinformativo.com.mx\/?p=35331"},"modified":"2023-01-11T13:56:42","modified_gmt":"2023-01-11T19:56:42","slug":"refuerzan-presencia-del-ejercito-en-municipios-de-la-zona-centro","status":"publish","type":"post","link":"https:\/\/encuentroinformativo.com.mx\/?p=35331","title":{"rendered":"Refuerzan presencia del Ej\u00e9rcito en municipios de la zona centro"},"content":{"rendered":"\n<p><strong>Juan Arcos <\/strong><\/p>\n\n\n\n<p>Xalapa, Ver.- Durante esta semana arribaron a la zona centro del estado de Veracruz m\u00e1s de 300 elementos del Ej\u00e9rcito Mexicano y Guardia Nacional para reforzar las acciones de seguridad.<\/p>\n\n\n\n<p>Se trata de elementos del 111 Batall\u00f3n de Infanter\u00eda y de la Fuerza de Tarea Oriente, la segunda con presencia en los estados de Tlaxcala, Puebla y Veracruz.<\/p>\n\n\n\n<p>De acuerdo con el comandante de la Fuerza de Tarea Oriente, Jos\u00e9 Guadalupe G\u00f3mez Salado, los elementos instalaron retenes y realizan patrullajes en el corredor que comprende los municipios de C\u00f3rdoba, Yanga, Cuitl\u00e1huac, Amatl\u00e1n de los Reyes, Omealca y Tezonapa.<\/p>\n\n\n\n<p>\u201cForma parte de un programa de operaciones que se realizan a nivel regional. Esta fuerza de tarea se integra para operar en diversas \u00e1reas que componen los estados de Tlaxcala, Puebla y Veracruz\u201d, enfatiz\u00f3.<\/p>\n\n\n\n<p>El Coronel del 111 Batall\u00f3n de Infanter\u00eda destac\u00f3 que se trabaja fuertemente en el establecimiento de puestos militares de seguridad en la regi\u00f3n de las Altas Monta\u00f1as de la entidad veracruzana.<\/p>\n\n\n\n<p>Adem\u00e1s, los patrullajes se realizan a pie y en veh\u00edculo durante el d\u00eda y la noche para garantizar la integridad de los pobladores al tratarse de una zona considerada insegura en el estado.<\/p>\n\n\n\n<p>G\u00f3mez Salado pidi\u00f3 a la poblaci\u00f3n que se sume a los esfuerzos de seguridad mediante las denuncias ciudadanas para atender cualquier situaci\u00f3n que atente contra las personas.<\/p>\n\n\n\n<p>En septiembre pasado, autoridades de Veracruz y Puebla se reunieron en la Fortaleza de San Carlos, municipio de Perote, para acordar la realizaci\u00f3n de operativos coordinados para combatir el huachicol, narcomenudeo, asalto a transportistas, la tala ilegal y el tr\u00e1fico de migrantes.<\/p>\n\n\n\n<p>En la zona centro de Veracruz han sido constantes los asaltos a conductores de veh\u00edculos de carga pesada, as\u00ed como tambi\u00e9n, situaci\u00f3n que han denunciado con frecuencia las organizaciones de transportistas.<\/p>\n\n\n\n<p>El martes 10 de enero fueron atacados a balazos polic\u00edas estatales en el municipio de C\u00f3rdoba, donde uno result\u00f3 herido, otro ejecutado y una oficial contin\u00faa privada de su libertad.<\/p>\n","protected":false},"excerpt":{"rendered":"<p>Juan Arcos Xalapa, Ver.- Durante esta semana arribaron a la zona centro del estado de Veracruz m\u00e1s de 300 elementos del Ej\u00e9rcito Mexicano y Guardia Nacional para reforzar las acciones de seguridad. Se trata de elementos del 111 Batall\u00f3n de Infanter\u00eda y de la Fuerza de Tarea Oriente, la segunda con presencia en los estados [&hellip;]<\/p>\n","protected":false},"author":2476,"featured_media":35332,"comment_status":"open","ping_status":"open","sticky":false,"template":"","format":"standard","meta":{"_jetpack_memberships_contains_paid_content":false,"footnotes":""},"categories":[2],"tags":[],"class_list":["post-35331","post","type-post","status-publish","format-standard","has-post-thumbnail","hentry","category-estado"],"jetpack_featured_media_url":"https:\/\/encuentroinformativo.com.mx\/wp-content\/uploads\/2023\/01\/IMG_8888.jpg","jetpack_sharing_enabled":true,"jetpack_likes_enabled":true,"amp_enabled":true,"_links":{"self":[{"href":"https:\/\/encuentroinformativo.com.mx\/index.php?rest_route=\/wp\/v2\/posts\/35331","targetHints":{"allow":["GET"]}}],"collection":[{"href":"https:\/\/encuentroinformativo.com.mx\/index.php?rest_route=\/wp\/v2\/posts"}],"about":[{"href":"https:\/\/encuentroinformativo.com.mx\/index.php?rest_route=\/wp\/v2\/types\/post"}],"author":[{"embeddable":true,"href":"https:\/\/encuentroinformativo.com.mx\/index.php?rest_route=\/wp\/v2\/users\/2476"}],"replies":[{"embeddable":true,"href":"https:\/\/encuentroinformativo.com.mx\/index.php?rest_route=%2Fwp%2Fv2%2Fcomments&post=35331"}],"version-history":[{"count":1,"href":"https:\/\/encuentroinformativo.com.mx\/index.php?rest_route=\/wp\/v2\/posts\/35331\/revisions"}],"predecessor-version":[{"id":35333,"href":"https:\/\/encuentroinformativo.com.mx\/index.php?rest_route=\/wp\/v2\/posts\/35331\/revisions\/35333"}],"wp:featuredmedia":[{"embeddable":true,"href":"https:\/\/encuentroinformativo.com.mx\/index.php?rest_route=\/wp\/v2\/media\/35332"}],"wp:attachment":[{"href":"https:\/\/encuentroinformativo.com.mx\/index.php?rest_route=%2Fwp%2Fv2%2Fmedia&parent=35331"}],"wp:term":[{"taxonomy":"category","embeddable":true,"href":"https:\/\/encuentroinformativo.com.mx\/index.php?rest_route=%2Fwp%2Fv2%2Fcategories&post=35331"},{"taxonomy":"post_tag","embeddable":true,"href":"https:\/\/encuentroinformativo.com.mx\/index.php?rest_route=%2Fwp%2Fv2%2Ftags&post=35331"}],"curies":[{"name":"wp","href":"https:\/\/api.w.org\/{rel}","templated":true}]}}