{"id":35337,"date":"2023-01-11T17:07:55","date_gmt":"2023-01-11T23:07:55","guid":{"rendered":"https:\/\/encuentroinformativo.com.mx\/?p=35337"},"modified":"2023-01-11T17:07:58","modified_gmt":"2023-01-11T23:07:58","slug":"suspension-de-clases-en-cordoba-por-un-dia-cuitlahuac-garcia","status":"publish","type":"post","link":"https:\/\/encuentroinformativo.com.mx\/?p=35337","title":{"rendered":"Suspensi\u00f3n de clases en C\u00f3rdoba por un d\u00eda: Cuitl\u00e1huac Garc\u00eda"},"content":{"rendered":"\n<p><strong>Dar\u00edo Pale <\/strong><\/p>\n\n\n\n<p>Xalapa, Ver.- En C\u00f3rdoba c\u00e9lulas delictivas distintas obedecen a un mismo jefe, ya est\u00e1 identificados, adem\u00e1s no hubo disparos la ma\u00f1ana de este mi\u00e9rcoles en C\u00f3rdoba, en \u00a0Rafael Delgado intentaron bloquear una calle, lleg\u00f3 SSP y se dispersaron, as\u00ed lo inform\u00f3 el gobernador del estado Cuitl\u00e1huac Garc\u00eda Jim\u00e9nez.<\/p>\n\n\n\n<p>En conferencia de prensa se\u00f1al\u00f3 que, los integrantes de la delincuencia organizada que han estado generando hechos de violencia en la zona centro del Estado, pertenecen a c\u00e9lulas delictivas distintas, pero obedecen a un mismo jefe que ya tienen identificados.<\/p>\n\n\n\n<p>Incluso ser\u00eda este mismo l\u00edder el que azuz\u00f3 a personas para que realizaran protestas la noche de este martes en el municipio de Rafael Delgado, precis\u00f3 que lo que piensan las autoridades es que &#8220;hay alguien m\u00e1s arriba de ellos&#8221;.<\/p>\n\n\n\n<p>Se\u00f1al\u00f3 que hay un &#8220;jefecillo&#8221; m\u00e1s que est\u00e1 dando las \u00f3rdenes, &#8220;hay un jefecillo m\u00e1s que est\u00e1 ah\u00ed, aunque son c\u00e9lulas que entre ellas mismas se enfrentan, hay un jefecillo m\u00e1s arriba que les da indicaciones&#8221;.<\/p>\n\n\n\n<p>&#8220;Porque ante los detenidos hubo un intento de reacci\u00f3n, lo logramos controlar y despu\u00e9s movilizaron a algunas personas en Rafael Delgado&#8221;, se\u00f1al\u00f3.<\/p>\n\n\n\n<p>El Mandatario coment\u00f3 que la noche de este martes en Rafael Delgado la gente \u00fanicamente prendi\u00f3 fuego &#8220;a unas maderas&#8221; e intentaron bloquear una calle, pero cuando lleg\u00f3 la Polic\u00eda Estatal se dispersaron.<\/p>\n\n\n\n<p>Respecto de las supuestas detonaciones de arma de fuego la ma\u00f1ana de este mi\u00e9rcoles, en C\u00f3rdoba, el Ejecutivo dijo que no fue as\u00ed.<\/p>\n\n\n\n<p>&#8220;No, no es asi. El operativo contin\u00faa y est\u00e1n habiendo detenciones, va a seguir el operativo, pero no, est\u00e1 en calma, si ustedes van a C\u00f3rdoba lo van a ver en calma&#8221;, asegur\u00f3.<\/p>\n\n\n\n<p>Asimismo, defini\u00f3 que la Fiscal\u00eda General del Estado ser\u00e1 la que aclare qu\u00e9 estaban haciendo los elementos de la Polic\u00eda Estatal en la colonia Federal, ya que se dijo que estar\u00edan resguardando un domicilio de la encargada del despacho del Instituto Veracruzano de las Mujeres, Roc\u00edo Villafuerte.<\/p>\n\n\n\n<p>&#8220;La Fiscal\u00eda est\u00e1 haciendo investigaciones, est\u00e1 tambi\u00e9n en un operativo, no solamente es un hecho, estamos observando todo lo que ha acontecido, yo s\u00f3lo recibo el parte de la SSP y hoy en la ma\u00f1ana la Fiscal\u00eda informar\u00e1 sobre los avances. La seguridad est\u00e1 garantizada porque como lo coment\u00e9, nosotros vamos al frente de los problemas para atenderlos y que no haya impunidad&#8221;, recalc\u00f3.<\/p>\n\n\n\n<p>En otro orden de ideas en cuanto a la suspensi\u00f3n de clases que se anunci\u00f3 este martes, para el d\u00eda mi\u00e9rcoles, en el municipio de C\u00f3rdoba, el gobernador Cuitl\u00e1huac Garc\u00eda Jim\u00e9nez, aclar\u00f3 que s\u00f3lo es por un d\u00eda.<\/p>\n\n\n\n<p>&#8220;Solamente es por un d\u00eda, solamente hoy, pero no es una suspensi\u00f3n, solamente se les habl\u00f3 a los directores para que si ellos consideraban (la suspensi\u00f3n), a fin de calmar a los padres de familia, que est\u00e9n tranquilos, todo est\u00e1 en calma, ya ven que cuando suceden estas cosas aprovechan los mismos delincuentes para intentar amedrentar a la poblaci\u00f3n, pero no hay ning\u00fan riesgo&#8221;, afirm\u00f3.<\/p>\n\n\n\n<p>Finalmente insisti\u00f3 en que tienen &#8220;controlada la situaci\u00f3n&#8221;, fue as\u00ed que le dio instrucciones al titular de la SEV, Zenzayen Escobar Garc\u00eda, que si alg\u00fan directivo solicitaba la suspensi\u00f3n de actividades, as\u00ed se permitiera.<\/p>\n\n\n\n<p><strong>Restos Localizados en Coatepec <\/strong><\/p>\n\n\n\n<p>En otro tema, el titular del ejecutivo se\u00f1al\u00f3 que los restos localizados en puente del Diablo hallados este martes, ser\u00edan partes de los que localizaron el 31 de diciembre.<\/p>\n\n\n\n<p>En conferencia gerencia de prensa se\u00f1al\u00f3 que luego del operativo implementado en la zona del puente del Diablo, en la congregaci\u00f3n Puerto Rico, perteneciente al municipio de Coatepec, afirm\u00f3 que ser\u00edan partes de los mismos restos humanos aparecidos en ese mismo lugar el pasado 31 de diciembre.<\/p>\n\n\n\n<p>Este martes se dio a conocer que habr\u00eda aparecido un cr\u00e1neo humano, cerca de donde tambi\u00e9n se encontraron algunas extremidades mutiladas.<\/p>\n\n\n\n<p>&#8220;Son los restos complementarios del cuerpo que se hab\u00eda encontrado antes. Lo que pasa es que es como un arroyo y se entiende que el agua los fue arrastrando r\u00edo abajo, bueno arroyo abajo, los fue arrastrando y se encontraron los dem\u00e1s&#8221;, se\u00f1al\u00f3.<\/p>\n\n\n\n<p>Dijo que toda esa informaci\u00f3n la confirmar\u00eda la Fiscal\u00eda General del Estado, una vez que se confirme que se trata de restos de la o las mismas personas halladas el 31 de diciembre.<\/p>\n\n\n\n<p>Finalmente dijo que ya hab\u00eda informado con anticipaci\u00f3n que se tratar\u00eda de una o dos personas del sexo masculino.<\/p>\n","protected":false},"excerpt":{"rendered":"<p>Dar\u00edo Pale Xalapa, Ver.- En C\u00f3rdoba c\u00e9lulas delictivas distintas obedecen a un mismo jefe, ya est\u00e1 identificados, adem\u00e1s no hubo disparos la ma\u00f1ana de este mi\u00e9rcoles en C\u00f3rdoba, en \u00a0Rafael Delgado intentaron bloquear una calle, lleg\u00f3 SSP y se dispersaron, as\u00ed lo inform\u00f3 el gobernador del estado Cuitl\u00e1huac Garc\u00eda Jim\u00e9nez. En conferencia de prensa se\u00f1al\u00f3 [&hellip;]<\/p>\n","protected":false},"author":2476,"featured_media":11247,"comment_status":"open","ping_status":"open","sticky":false,"template":"","format":"standard","meta":{"_jetpack_memberships_contains_paid_content":false,"footnotes":""},"categories":[2],"tags":[],"class_list":["post-35337","post","type-post","status-publish","format-standard","has-post-thumbnail","hentry","category-estado"],"jetpack_featured_media_url":"https:\/\/encuentroinformativo.com.mx\/wp-content\/uploads\/2021\/02\/37984D2E-A173-4D91-B54B-C8CA7B2F1726.jpeg","jetpack_sharing_enabled":true,"jetpack_likes_enabled":true,"amp_enabled":true,"_links":{"self":[{"href":"https:\/\/encuentroinformativo.com.mx\/index.php?rest_route=\/wp\/v2\/posts\/35337","targetHints":{"allow":["GET"]}}],"collection":[{"href":"https:\/\/encuentroinformativo.com.mx\/index.php?rest_route=\/wp\/v2\/posts"}],"about":[{"href":"https:\/\/encuentroinformativo.com.mx\/index.php?rest_route=\/wp\/v2\/types\/post"}],"author":[{"embeddable":true,"href":"https:\/\/encuentroinformativo.com.mx\/index.php?rest_route=\/wp\/v2\/users\/2476"}],"replies":[{"embeddable":true,"href":"https:\/\/encuentroinformativo.com.mx\/index.php?rest_route=%2Fwp%2Fv2%2Fcomments&post=35337"}],"version-history":[{"count":1,"href":"https:\/\/encuentroinformativo.com.mx\/index.php?rest_route=\/wp\/v2\/posts\/35337\/revisions"}],"predecessor-version":[{"id":35338,"href":"https:\/\/encuentroinformativo.com.mx\/index.php?rest_route=\/wp\/v2\/posts\/35337\/revisions\/35338"}],"wp:featuredmedia":[{"embeddable":true,"href":"https:\/\/encuentroinformativo.com.mx\/index.php?rest_route=\/wp\/v2\/media\/11247"}],"wp:attachment":[{"href":"https:\/\/encuentroinformativo.com.mx\/index.php?rest_route=%2Fwp%2Fv2%2Fmedia&parent=35337"}],"wp:term":[{"taxonomy":"category","embeddable":true,"href":"https:\/\/encuentroinformativo.com.mx\/index.php?rest_route=%2Fwp%2Fv2%2Fcategories&post=35337"},{"taxonomy":"post_tag","embeddable":true,"href":"https:\/\/encuentroinformativo.com.mx\/index.php?rest_route=%2Fwp%2Fv2%2Ftags&post=35337"}],"curies":[{"name":"wp","href":"https:\/\/api.w.org\/{rel}","templated":true}]}}