{"id":3534,"date":"2020-06-22T14:13:03","date_gmt":"2020-06-22T19:13:03","guid":{"rendered":"https:\/\/encuentroinformativo.com\/?p=3534"},"modified":"2020-06-22T14:13:05","modified_gmt":"2020-06-22T19:13:05","slug":"senador-solicita-al-congreso-considerar-revocacion-de-mandato","status":"publish","type":"post","link":"https:\/\/encuentroinformativo.com.mx\/?p=3534","title":{"rendered":"Senador solicita al Congreso considerar revocaci\u00f3n de mandato"},"content":{"rendered":"\n<p><strong>Juan Arcos <\/strong><\/p>\n\n\n\n<p>Xalapa, Ver.- El senador Julen Rementer\u00eda del Puerto pidi\u00f3 al Congreso local que contemple la revocaci\u00f3n de mandato en la Reforma Electoral.<\/p>\n\n\n\n<p>El Legislador del Partido Acci\u00f3n Nacional (PAN) record\u00f3 que hace un par de semanas present\u00f3 una iniciativa que reforma y adiciona diversas disposiciones a la Constituci\u00f3n Pol\u00edtica del Estado de Veracruz en materia de revocaci\u00f3n de mandato.<\/p>\n\n\n\n<p>Record\u00f3 que la revocaci\u00f3n de mandato fue una disposici\u00f3n del mismo presidente de la Rep\u00fablica, Andr\u00e9s Manuel L\u00f3pez Obrador, que qued\u00f3 establecida en la Carta Magna y se llevar\u00e1 a cabo en el cuarto a\u00f1o de gobierno, es decir, en 2022.<\/p>\n\n\n\n<p>En videoconferencia de prensa, opin\u00f3 que los diputados estar\u00edan siendo omisos al retrasar la homologaci\u00f3n de la Constituci\u00f3n.<\/p>\n\n\n\n<p>\u201cNo se puede evitar el derecho que tienen m\u00e1s de 8 millones de veracruzanos de llevar a cabo un ejercicio de democracia participativa que adem\u00e1s ya est\u00e1 obligado por la constituci\u00f3n general de la rep\u00fablica a realizarse en Veracruz, queremos la revocaci\u00f3n de mandato en el Estado de Veracruz\u201d, expres\u00f3.<\/p>\n\n\n\n<p>Rementer\u00eda del Puerto a\u00f1adi\u00f3 que, como oposici\u00f3n, el PAN no permitir\u00e1 que un grupo de diputados de un partido, por m\u00e1s que quieran ayudar al gobernador Cuitl\u00e1huac Garc\u00eda Jim\u00e9nez, eviten el derecho de los veracruzanos.<\/p>\n\n\n\n<p>El Senador exigi\u00f3 al Congreso del Estado que respete lo que es ya es una norma constitucional nacional, que obliga a la entidad a realizar la revocaci\u00f3n.<\/p>\n\n\n\n<p>\u201cA trav\u00e9s del diputado Omar Miranda, solicitaremos amablemente pueda promover una excitativa en el congreso local, para que se lleve la dictaminaci\u00f3n de manera inmediata, que a\u00fan cuando la revocaci\u00f3n de mandato se encuentra establecida en la Constituci\u00f3n de nuestro pa\u00eds, el gobernador Cuitl\u00e1huac Garc\u00eda Jim\u00e9nez se niega a aceptarla\u201d.<\/p>\n\n\n\n<p>Cabe recordar que la Reforma Electoral en Veracruz fue aprobada el pasado 12 de mayo con 34 de los 50 votos posibles en el Congreso de Veracruz, 14 en contra y una abstenci\u00f3n.\u00a0<br>Sin embargo, esta modificaci\u00f3n legislativa niega a los ciudadanos la posibilidad de realizar una consulta popular para la revocaci\u00f3n de mandato de los servidores p\u00fablicos.<\/p>\n\n\n\n<p>El cambio promovido por Morena en la figura de la revocaci\u00f3n de mandato consisti\u00f3 en eliminar la consulta popular de 2022, para que los representantes populares elegidos democr\u00e1ticamente, es decir el gobernador Cuitl\u00e1huac Garc\u00eda, los pr\u00f3ximos alcaldes y diputados locales, no fuesen sometidos a \u00e9sta.<\/p>\n\n\n\n<p>En la iniciativa presentada por Julen Rementer\u00eda se establece que el Ejecutivo ser\u00e1 convocado por el Organismo P\u00fablico Local Electoral (OPLE) a petici\u00f3n de ciudadanos inscritos en la lista nominal de electores de la entidad veracruzana, en la mitad m\u00e1s uno de los municipios del Estado, lo que implica que deber\u00e1 incluir a 575 mil 171 electores de los 5 millones 751 mil 718 registrados en dicha lista, distruibuidos en 107 municipios.<\/p>\n\n\n\n<p>Esto ser\u00e1 posible mediante la votaci\u00f3n libre, directa y secreta de los ciudadanos, el domingo siguiente a los 90 d\u00edas posteriores a la convocatoria y en fecha coincidente con procesos electorales o de participaci\u00f3n ciudadana.<\/p>\n\n\n\n<p>Para que el proceso de revocaci\u00f3n de mandato sea v\u00e1lido deber\u00e1 haber una participaci\u00f3n de por lo menos el 40 por ciento de las personas inscritas en la lista nominal de electores, es decir, que proceder\u00eda por mayor\u00eda absoluta.<\/p>\n\n\n\n<p><\/p>\n","protected":false},"excerpt":{"rendered":"<p>Juan Arcos Xalapa, Ver.- El senador Julen Rementer\u00eda del Puerto pidi\u00f3 al Congreso local que contemple la revocaci\u00f3n de mandato en la Reforma Electoral. El Legislador del Partido Acci\u00f3n Nacional (PAN) record\u00f3 que hace un par de semanas present\u00f3 una iniciativa que reforma y adiciona diversas disposiciones a la Constituci\u00f3n Pol\u00edtica del Estado de Veracruz [&hellip;]<\/p>\n","protected":false},"author":1,"featured_media":3535,"comment_status":"open","ping_status":"open","sticky":false,"template":"","format":"standard","meta":{"_jetpack_memberships_contains_paid_content":false,"footnotes":""},"categories":[2],"tags":[],"class_list":["post-3534","post","type-post","status-publish","format-standard","has-post-thumbnail","hentry","category-estado"],"jetpack_featured_media_url":"https:\/\/encuentroinformativo.com.mx\/wp-content\/uploads\/2020\/06\/C1E1A4FA-FB96-4C50-83FE-22B1A5C5BB65.jpeg","jetpack_sharing_enabled":true,"jetpack_likes_enabled":true,"amp_enabled":true,"_links":{"self":[{"href":"https:\/\/encuentroinformativo.com.mx\/index.php?rest_route=\/wp\/v2\/posts\/3534","targetHints":{"allow":["GET"]}}],"collection":[{"href":"https:\/\/encuentroinformativo.com.mx\/index.php?rest_route=\/wp\/v2\/posts"}],"about":[{"href":"https:\/\/encuentroinformativo.com.mx\/index.php?rest_route=\/wp\/v2\/types\/post"}],"author":[{"embeddable":true,"href":"https:\/\/encuentroinformativo.com.mx\/index.php?rest_route=\/wp\/v2\/users\/1"}],"replies":[{"embeddable":true,"href":"https:\/\/encuentroinformativo.com.mx\/index.php?rest_route=%2Fwp%2Fv2%2Fcomments&post=3534"}],"version-history":[{"count":1,"href":"https:\/\/encuentroinformativo.com.mx\/index.php?rest_route=\/wp\/v2\/posts\/3534\/revisions"}],"predecessor-version":[{"id":3536,"href":"https:\/\/encuentroinformativo.com.mx\/index.php?rest_route=\/wp\/v2\/posts\/3534\/revisions\/3536"}],"wp:featuredmedia":[{"embeddable":true,"href":"https:\/\/encuentroinformativo.com.mx\/index.php?rest_route=\/wp\/v2\/media\/3535"}],"wp:attachment":[{"href":"https:\/\/encuentroinformativo.com.mx\/index.php?rest_route=%2Fwp%2Fv2%2Fmedia&parent=3534"}],"wp:term":[{"taxonomy":"category","embeddable":true,"href":"https:\/\/encuentroinformativo.com.mx\/index.php?rest_route=%2Fwp%2Fv2%2Fcategories&post=3534"},{"taxonomy":"post_tag","embeddable":true,"href":"https:\/\/encuentroinformativo.com.mx\/index.php?rest_route=%2Fwp%2Fv2%2Ftags&post=3534"}],"curies":[{"name":"wp","href":"https:\/\/api.w.org\/{rel}","templated":true}]}}