{"id":35342,"date":"2023-01-11T18:51:52","date_gmt":"2023-01-12T00:51:52","guid":{"rendered":"https:\/\/encuentroinformativo.com.mx\/?p=35342"},"modified":"2023-01-11T18:51:56","modified_gmt":"2023-01-12T00:51:56","slug":"alcalde-juan-manuel-unanue-pone-en-marcha-el-programa-recicla-tu-navidad-en-boca","status":"publish","type":"post","link":"https:\/\/encuentroinformativo.com.mx\/?p=35342","title":{"rendered":"Alcalde Juan Manuel Un\u00e1nue pone en marcha el programa \u201cRecicla tu Navidad en Boca\u201d"},"content":{"rendered":"\n<p>*<strong><em>Desde el 9 de enero al 12 de febrero podr\u00e1n reciclarlo en el Centro de Acopio ubicado en el estacionamiento de SODIMAC Home Center<\/em>.<\/strong><\/p>\n\n\n\n<p>Boca del R\u00edo, Ver.- Este mi\u00e9rcoles el Alcalde de Boca del R\u00edo, Juan Manuel Un\u00e1nue Abascal, puso en marcha el programa \u201cRecicla tu Navidad en Boca\u201d, el cual se est\u00e1 llevando a cabo del 9 de enero al 12 de febrero, teniendo como Centro de Acopio el estacionamiento de SODIMAC Home Center.<\/p>\n\n\n\n<p>En dicha presentaci\u00f3n, el edil boque\u00f1o detall\u00f3 lo importante que es realizar este tipo de actividades en el municipio, pues aportan en gran medida al cuidado de nuestro medio ambiente.<\/p>\n\n\n\n<p>\u201cContribuimos de esta manera a evitar que estos arbolitos y sus ramas terminen siendo basura, estando en banquetas, obstruyendo las vialidades, calles y avenidas, adem\u00e1s de afectar el alcantarillado o provocando incendios\u201d.<\/p>\n\n\n\n<p>El Presidente Municipal dijo que en el ejercicio 2022 se recolectaron mil 536 pinos naturales, por lo que en este 2023 se espera recolectar 3 mil pinos mediante este programa que se lleva a cabo a\u00f1o con a\u00f1o desde el 2011.<\/p>\n\n\n\n<p>Por ello, y para que tengan una utilidad positiva, son triturados para convertirlos en abono, dirigi\u00e9ndolo a una Unidad de Manejo Ambiental con el apoyo de VERAPLANT.<\/p>\n\n\n\n<p>Tambi\u00e9n agradeci\u00f3 a la Secretar\u00eda de Medio Ambiente (SEDEMA) por su respaldo, as\u00ed como a los ciudadanos que han participado desde el nueve de enero que se inici\u00f3 con el acopio de estos \u00e1rboles, por su responsabilidad con la ciudad y el medio ambiente.<\/p>\n\n\n\n<p>Por su parte, Martha Patricia Dapa Garc\u00eda, Directora de Medio Ambiente y Protecci\u00f3n Animal, coment\u00f3 que este tipo de actividades son \u201cun reflejo de los esfuerzos coordinados de las autoridades y de la ciudadan\u00eda\u201d, con lo que se busca fortalecer la cultura ambiental y la econom\u00eda circular.<\/p>\n\n\n\n<p>El periodo que abarca la presente campa\u00f1a es del 09 de enero al 12 de febrero en horario de 9:00 a 13:00 horas.<\/p>\n\n\n\n<p>En la puesta en marcha del programa \u201cRecicla tu Navidad en Boca\u201d, el Alcalde Juan Manuel Un\u00e1nue estuvo acompa\u00f1ado por la Directora de Medio Ambiente y Protecci\u00f3n Animal, Martha Patricia Dapa Garc\u00eda; el Presidente de la Asociaci\u00f3n Cool Planet, Luis Enrique Aguilar \u00c1lvarez; la Presidenta de la Asociaci\u00f3n Somos M\u00e1s Decididos, Alejandra Casso L\u00f3pez Balderas y la Presidenta de la Asociaci\u00f3n Ayudando y Reciclando, Mariana Latap\u00ed Garc\u00eda, as\u00ed como del Regidor Noveno, Francisco Luis Moreno Quiroga y dem\u00e1s funcionarios municipales.<\/p>\n","protected":false},"excerpt":{"rendered":"<p>*Desde el 9 de enero al 12 de febrero podr\u00e1n reciclarlo en el Centro de Acopio ubicado en el estacionamiento de SODIMAC Home Center. Boca del R\u00edo, Ver.- Este mi\u00e9rcoles el Alcalde de Boca del R\u00edo, Juan Manuel Un\u00e1nue Abascal, puso en marcha el programa \u201cRecicla tu Navidad en Boca\u201d, el cual se est\u00e1 llevando [&hellip;]<\/p>\n","protected":false},"author":2476,"featured_media":35343,"comment_status":"open","ping_status":"open","sticky":false,"template":"","format":"standard","meta":{"_jetpack_memberships_contains_paid_content":false,"footnotes":""},"categories":[2],"tags":[],"class_list":["post-35342","post","type-post","status-publish","format-standard","has-post-thumbnail","hentry","category-estado"],"jetpack_featured_media_url":"https:\/\/encuentroinformativo.com.mx\/wp-content\/uploads\/2023\/01\/IMG-20230111-WA0105.jpg","jetpack_sharing_enabled":true,"jetpack_likes_enabled":true,"amp_enabled":true,"_links":{"self":[{"href":"https:\/\/encuentroinformativo.com.mx\/index.php?rest_route=\/wp\/v2\/posts\/35342","targetHints":{"allow":["GET"]}}],"collection":[{"href":"https:\/\/encuentroinformativo.com.mx\/index.php?rest_route=\/wp\/v2\/posts"}],"about":[{"href":"https:\/\/encuentroinformativo.com.mx\/index.php?rest_route=\/wp\/v2\/types\/post"}],"author":[{"embeddable":true,"href":"https:\/\/encuentroinformativo.com.mx\/index.php?rest_route=\/wp\/v2\/users\/2476"}],"replies":[{"embeddable":true,"href":"https:\/\/encuentroinformativo.com.mx\/index.php?rest_route=%2Fwp%2Fv2%2Fcomments&post=35342"}],"version-history":[{"count":1,"href":"https:\/\/encuentroinformativo.com.mx\/index.php?rest_route=\/wp\/v2\/posts\/35342\/revisions"}],"predecessor-version":[{"id":35344,"href":"https:\/\/encuentroinformativo.com.mx\/index.php?rest_route=\/wp\/v2\/posts\/35342\/revisions\/35344"}],"wp:featuredmedia":[{"embeddable":true,"href":"https:\/\/encuentroinformativo.com.mx\/index.php?rest_route=\/wp\/v2\/media\/35343"}],"wp:attachment":[{"href":"https:\/\/encuentroinformativo.com.mx\/index.php?rest_route=%2Fwp%2Fv2%2Fmedia&parent=35342"}],"wp:term":[{"taxonomy":"category","embeddable":true,"href":"https:\/\/encuentroinformativo.com.mx\/index.php?rest_route=%2Fwp%2Fv2%2Fcategories&post=35342"},{"taxonomy":"post_tag","embeddable":true,"href":"https:\/\/encuentroinformativo.com.mx\/index.php?rest_route=%2Fwp%2Fv2%2Ftags&post=35342"}],"curies":[{"name":"wp","href":"https:\/\/api.w.org\/{rel}","templated":true}]}}