{"id":35359,"date":"2023-01-12T10:14:35","date_gmt":"2023-01-12T16:14:35","guid":{"rendered":"https:\/\/encuentroinformativo.com.mx\/?p=35359"},"modified":"2023-01-12T10:14:39","modified_gmt":"2023-01-12T16:14:39","slug":"tras-hechos-violentos-este-viernes-regresan-a-clases-en-cordoba","status":"publish","type":"post","link":"https:\/\/encuentroinformativo.com.mx\/?p=35359","title":{"rendered":"Tras hechos violentos, este viernes regresan a clases en C\u00f3rdoba"},"content":{"rendered":"\n<p><strong>Alejandro \u00c1vila<\/strong><\/p>\n\n\n\n<p>Veracruz, Ver.- El secretario de Educaci\u00f3n de Veracruz (SEV), Zenyazen Escobar Garc\u00eda mencion\u00f3 que, este viernes 13 de enero se regresar\u00e1 a clases en la ciudad de C\u00f3rdoba en todos los niveles educativos.<\/p>\n\n\n\n<p>Cabe recordar que el pasado martes 10 de enero se suscitaron hechos violentos es la mencionada ciudad, donde afortunadamente no hubo civiles lesionados; sin embargo, desde esa fecha se suspendieron las clases.<\/p>\n\n\n\n<p>&#8220;Ustedes saben que a nosotros no nos gusta suspender clases, somos la administraci\u00f3n que menos hemos suspendido clases, en breve ser\u00e1, m\u00e1s que nada es por la confianza que tenga las madres y padres de familia (\u2026) ya en estos d\u00edas, no va a tardar (\u2026) \u00bfhoy es jueves, no?, s\u00ed, pues ya incluso ma\u00f1ana. Hoy decirles que ya ma\u00f1ana se regresa al 100 por ciento en todas instituciones en C\u00f3rdoba&#8221;, sentenci\u00f3.<\/p>\n\n\n\n<p>En otro tema, dijo qu\u00e9 Veracruz fue de los mejores estados en implementar medidas educativas durante la pandemia, incluso a nivel latinoam\u00e9rica, por lo ser\u00e1n reconocidos por esa labor.<\/p>\n","protected":false},"excerpt":{"rendered":"<p>Alejandro \u00c1vila Veracruz, Ver.- El secretario de Educaci\u00f3n de Veracruz (SEV), Zenyazen Escobar Garc\u00eda mencion\u00f3 que, este viernes 13 de enero se regresar\u00e1 a clases en la ciudad de C\u00f3rdoba en todos los niveles educativos. Cabe recordar que el pasado martes 10 de enero se suscitaron hechos violentos es la mencionada ciudad, donde afortunadamente no [&hellip;]<\/p>\n","protected":false},"author":2476,"featured_media":35360,"comment_status":"open","ping_status":"open","sticky":false,"template":"","format":"standard","meta":{"_jetpack_memberships_contains_paid_content":false,"footnotes":""},"categories":[2],"tags":[],"class_list":["post-35359","post","type-post","status-publish","format-standard","has-post-thumbnail","hentry","category-estado"],"jetpack_featured_media_url":"https:\/\/encuentroinformativo.com.mx\/wp-content\/uploads\/2023\/01\/IMG-20230112-WA00072.jpg","jetpack_sharing_enabled":true,"jetpack_likes_enabled":true,"amp_enabled":true,"_links":{"self":[{"href":"https:\/\/encuentroinformativo.com.mx\/index.php?rest_route=\/wp\/v2\/posts\/35359","targetHints":{"allow":["GET"]}}],"collection":[{"href":"https:\/\/encuentroinformativo.com.mx\/index.php?rest_route=\/wp\/v2\/posts"}],"about":[{"href":"https:\/\/encuentroinformativo.com.mx\/index.php?rest_route=\/wp\/v2\/types\/post"}],"author":[{"embeddable":true,"href":"https:\/\/encuentroinformativo.com.mx\/index.php?rest_route=\/wp\/v2\/users\/2476"}],"replies":[{"embeddable":true,"href":"https:\/\/encuentroinformativo.com.mx\/index.php?rest_route=%2Fwp%2Fv2%2Fcomments&post=35359"}],"version-history":[{"count":1,"href":"https:\/\/encuentroinformativo.com.mx\/index.php?rest_route=\/wp\/v2\/posts\/35359\/revisions"}],"predecessor-version":[{"id":35361,"href":"https:\/\/encuentroinformativo.com.mx\/index.php?rest_route=\/wp\/v2\/posts\/35359\/revisions\/35361"}],"wp:featuredmedia":[{"embeddable":true,"href":"https:\/\/encuentroinformativo.com.mx\/index.php?rest_route=\/wp\/v2\/media\/35360"}],"wp:attachment":[{"href":"https:\/\/encuentroinformativo.com.mx\/index.php?rest_route=%2Fwp%2Fv2%2Fmedia&parent=35359"}],"wp:term":[{"taxonomy":"category","embeddable":true,"href":"https:\/\/encuentroinformativo.com.mx\/index.php?rest_route=%2Fwp%2Fv2%2Fcategories&post=35359"},{"taxonomy":"post_tag","embeddable":true,"href":"https:\/\/encuentroinformativo.com.mx\/index.php?rest_route=%2Fwp%2Fv2%2Ftags&post=35359"}],"curies":[{"name":"wp","href":"https:\/\/api.w.org\/{rel}","templated":true}]}}