{"id":35362,"date":"2023-01-12T11:16:04","date_gmt":"2023-01-12T17:16:04","guid":{"rendered":"https:\/\/encuentroinformativo.com.mx\/?p=35362"},"modified":"2023-01-12T11:16:08","modified_gmt":"2023-01-12T17:16:08","slug":"convoca-frena-a-marcha-nacional","status":"publish","type":"post","link":"https:\/\/encuentroinformativo.com.mx\/?p=35362","title":{"rendered":"Convoca FRENA a marcha nacional"},"content":{"rendered":"\n<p><strong>Dar\u00edo Pale<\/strong><\/p>\n\n\n\n<p>Xalapa, Ver.- Invitan a las diferentes organizaciones al igual que a la ciudadan\u00eda para que se una a la gran movilizaci\u00f3n nacional que se llevar\u00e1 a cabo el pr\u00f3ximo domingo 29 de enero en el z\u00f3calo de la Ciudad de M\u00e9xico, as\u00ed lo se\u00f1al\u00f3 Hilda Salda\u00f1a Olmos, coordinadora estatal del movimiento FRENA.<\/p>\n\n\n\n<p>En conferencia de prensa destac\u00f3 que se busca reunir a un mill\u00f3n de personas, por lo que precis\u00f3 que est\u00e1n invitadas todas las organizaciones y ciudadanos en general.<\/p>\n\n\n\n<p>&#8220;Esta gran movilizaci\u00f3n nacional tiene como \u00fanico objetivo exigir la renuncia del dictador&#8221;, se\u00f1al\u00f3.<\/p>\n\n\n\n<p>Al respecto, coment\u00f3 que se invita a toda la poblaci\u00f3n en general, pues, precis\u00f3, no es un evento exclusivo de la organizaci\u00f3n, ya que saldr\u00e1n autobuses de C\u00f3rdoba, Veracruz y Xalapa.<\/p>\n\n\n\n<p>&#8220;FRENA es una organizaci\u00f3n ciudadana que lo \u00fanico que busca es despertar conciencias en el pa\u00eds para salir de esta dictadura Castro-Chavizta, que nos han venido ha instalar al pa\u00eds&#8221;, coment\u00f3.<\/p>\n\n\n\n<p>Record\u00f3 que comenzaron con esa lucha en el 2020 advirtiendo de lo que se ven\u00eda para el pa\u00eds.<\/p>\n\n\n\n<p>&#8220;Y lastimosamente se ha ido cumpliendo al pie de la letra, porque como bien sabemos, es una agenda la que se sigue, hay ocurrencias, hay improvisaciones, el se\u00f1or sabe perfectamente lo que est\u00e1 haciendo&#8221;.<\/p>\n\n\n\n<p>Adem\u00e1s, coment\u00f3 que lo \u00fanico que la gente puede hacer para salir de esta &#8220;tragedia&#8221; es unirse todos los ciudadanos en una sola voz y exigir la renuncia del presidente de M\u00e9xico.\u00a0<\/p>\n\n\n\n<p>&#8220;Todos los movimientos que quieran participar como movimiento pueden llevar sus lonas, sus logos, es un evento ciudadano para toda la poblaci\u00f3n de M\u00e9xico&#8221;, dijo.<\/p>\n\n\n\n<p>Asimismo, indic\u00f3 que el art\u00edculo 39 de la Constituci\u00f3n Pol\u00edtica de M\u00e9xico establece que el poder emana del pueblo y el pueblo tiene, en todo momento, &#8220;el inalienable derecho de cambiar la forma de su gobierno, si este no es para beneficio del pueblo&#8221;.<\/p>\n\n\n\n<p>Indic\u00f3 que buscan reunir a un mill\u00f3n de personas en el z\u00f3calo de la Ciudad de M\u00e9xico. La hora programada es a las 11 de la ma\u00f1ana.\u00a0<\/p>\n\n\n\n<p>Finalmente se\u00f1al\u00f3 que, &#8220;no llevamos a acarreados, ni le pagamos a nadie, es un evento ciudadano&#8221;.<\/p>\n","protected":false},"excerpt":{"rendered":"<p>Dar\u00edo Pale Xalapa, Ver.- Invitan a las diferentes organizaciones al igual que a la ciudadan\u00eda para que se una a la gran movilizaci\u00f3n nacional que se llevar\u00e1 a cabo el pr\u00f3ximo domingo 29 de enero en el z\u00f3calo de la Ciudad de M\u00e9xico, as\u00ed lo se\u00f1al\u00f3 Hilda Salda\u00f1a Olmos, coordinadora estatal del movimiento FRENA. En [&hellip;]<\/p>\n","protected":false},"author":2476,"featured_media":35363,"comment_status":"open","ping_status":"open","sticky":false,"template":"","format":"standard","meta":{"_jetpack_memberships_contains_paid_content":false,"footnotes":""},"categories":[3],"tags":[],"class_list":["post-35362","post","type-post","status-publish","format-standard","has-post-thumbnail","hentry","category-xalapa"],"jetpack_featured_media_url":"https:\/\/encuentroinformativo.com.mx\/wp-content\/uploads\/2023\/01\/IMG-20230112-WA0014.jpg","jetpack_sharing_enabled":true,"jetpack_likes_enabled":true,"amp_enabled":true,"_links":{"self":[{"href":"https:\/\/encuentroinformativo.com.mx\/index.php?rest_route=\/wp\/v2\/posts\/35362","targetHints":{"allow":["GET"]}}],"collection":[{"href":"https:\/\/encuentroinformativo.com.mx\/index.php?rest_route=\/wp\/v2\/posts"}],"about":[{"href":"https:\/\/encuentroinformativo.com.mx\/index.php?rest_route=\/wp\/v2\/types\/post"}],"author":[{"embeddable":true,"href":"https:\/\/encuentroinformativo.com.mx\/index.php?rest_route=\/wp\/v2\/users\/2476"}],"replies":[{"embeddable":true,"href":"https:\/\/encuentroinformativo.com.mx\/index.php?rest_route=%2Fwp%2Fv2%2Fcomments&post=35362"}],"version-history":[{"count":1,"href":"https:\/\/encuentroinformativo.com.mx\/index.php?rest_route=\/wp\/v2\/posts\/35362\/revisions"}],"predecessor-version":[{"id":35364,"href":"https:\/\/encuentroinformativo.com.mx\/index.php?rest_route=\/wp\/v2\/posts\/35362\/revisions\/35364"}],"wp:featuredmedia":[{"embeddable":true,"href":"https:\/\/encuentroinformativo.com.mx\/index.php?rest_route=\/wp\/v2\/media\/35363"}],"wp:attachment":[{"href":"https:\/\/encuentroinformativo.com.mx\/index.php?rest_route=%2Fwp%2Fv2%2Fmedia&parent=35362"}],"wp:term":[{"taxonomy":"category","embeddable":true,"href":"https:\/\/encuentroinformativo.com.mx\/index.php?rest_route=%2Fwp%2Fv2%2Fcategories&post=35362"},{"taxonomy":"post_tag","embeddable":true,"href":"https:\/\/encuentroinformativo.com.mx\/index.php?rest_route=%2Fwp%2Fv2%2Ftags&post=35362"}],"curies":[{"name":"wp","href":"https:\/\/api.w.org\/{rel}","templated":true}]}}