{"id":35368,"date":"2023-01-12T11:28:25","date_gmt":"2023-01-12T17:28:25","guid":{"rendered":"https:\/\/encuentroinformativo.com.mx\/?p=35368"},"modified":"2023-01-12T11:28:28","modified_gmt":"2023-01-12T17:28:28","slug":"adan-augusto-pieza-clave-para-la-llegada-de-empresas-a-veracruz-cuitlahuac-garcia","status":"publish","type":"post","link":"https:\/\/encuentroinformativo.com.mx\/?p=35368","title":{"rendered":"Ad\u00e1n Augusto pieza clave para la llegada de empresas a Veracruz: Cuitl\u00e1huac Garc\u00eda"},"content":{"rendered":"\n<p><strong>Alejandro \u00c1vila<\/strong><\/p>\n\n\n\n<p>Veracruz, Ver.- El gobernador, Cuitl\u00e1huac Garc\u00eda Jim\u00e9nez asegur\u00f3 que el secretario de Gobernaci\u00f3n Federal, Ad\u00e1n Augusto L\u00f3pez Hern\u00e1ndez, fue una pieza clave para que la empresa transnacional <em>Constellation Brands<\/em> invirtiera en el estado de Veracruz.<\/p>\n\n\n\n<p>Es de mencionar que, el funcionario federal visit\u00f3 este jueves un tradicional caf\u00e9 en el centro de la ciudad de Veracruz, pues al mediod\u00eda, dar\u00e1 una conferencia sobre Gobernabilidad y los cambios que se pretenden hacer en la Reforma Electoral, la cual se llevar\u00e1 a cabo en el <em>World Trade Center<\/em> del municipio de Boca del R\u00edo.<\/p>\n\n\n\n<p>&#8220;El secretario de Gobernaci\u00f3n siempre nos ha ayudado, y hay un tema que nos ha ayudado bastante, qu\u00e9 es concretar el establecimiento de Constellation Brands, ha sido una persona que ha ido sacando adelante los compromisos qu\u00e9 le ha encargado el presidente, en relaci\u00f3n a estas inversiones que se tienen, qu\u00e9 tienen que ver con todos los conceptos aqu\u00ed en Veracruz, y m\u00e1s aqu\u00ed que se estableci\u00f3 en el Puerto&#8221;, expres\u00f3.<\/p>\n\n\n\n<p>Garc\u00eda Jim\u00e9nez respondi\u00f3 a los medios de comunicaci\u00f3n qu\u00e9 la secretaria de Energ\u00eda, Roc\u00edo Nahle Garc\u00eda no estar\u00e1 presente en dicho evento, pues se encuentra ejecutando otros compromisos qu\u00e9 le encomend\u00f3 el presidente de la rep\u00fablica.<\/p>\n\n\n\n<p>Finalmente, sobre la presencia de Ad\u00e1n Augusto L\u00f3pez quien tambi\u00e9n se presume como presidenciable, dijo que es un gusto tener en Veracruz a una persona que luch\u00f3 codo a codo con Andr\u00e9s Manuel L\u00f3pez Obrador; sin embargo, Cuitl\u00e1huac Garc\u00eda se neg\u00f3 a responder sobre su simpat\u00eda por Claudia Sheinbaum, la cu\u00e1l podr\u00eda ser su rival en la contienda interna de Morena.<\/p>\n","protected":false},"excerpt":{"rendered":"<p>Alejandro \u00c1vila Veracruz, Ver.- El gobernador, Cuitl\u00e1huac Garc\u00eda Jim\u00e9nez asegur\u00f3 que el secretario de Gobernaci\u00f3n Federal, Ad\u00e1n Augusto L\u00f3pez Hern\u00e1ndez, fue una pieza clave para que la empresa transnacional Constellation Brands invirtiera en el estado de Veracruz. Es de mencionar que, el funcionario federal visit\u00f3 este jueves un tradicional caf\u00e9 en el centro de la [&hellip;]<\/p>\n","protected":false},"author":2476,"featured_media":35369,"comment_status":"open","ping_status":"open","sticky":false,"template":"","format":"standard","meta":{"_jetpack_memberships_contains_paid_content":false,"footnotes":""},"categories":[2],"tags":[],"class_list":["post-35368","post","type-post","status-publish","format-standard","has-post-thumbnail","hentry","category-estado"],"jetpack_featured_media_url":"https:\/\/encuentroinformativo.com.mx\/wp-content\/uploads\/2023\/01\/IMG-20230112-WA0009.jpg","jetpack_sharing_enabled":true,"jetpack_likes_enabled":true,"amp_enabled":true,"_links":{"self":[{"href":"https:\/\/encuentroinformativo.com.mx\/index.php?rest_route=\/wp\/v2\/posts\/35368","targetHints":{"allow":["GET"]}}],"collection":[{"href":"https:\/\/encuentroinformativo.com.mx\/index.php?rest_route=\/wp\/v2\/posts"}],"about":[{"href":"https:\/\/encuentroinformativo.com.mx\/index.php?rest_route=\/wp\/v2\/types\/post"}],"author":[{"embeddable":true,"href":"https:\/\/encuentroinformativo.com.mx\/index.php?rest_route=\/wp\/v2\/users\/2476"}],"replies":[{"embeddable":true,"href":"https:\/\/encuentroinformativo.com.mx\/index.php?rest_route=%2Fwp%2Fv2%2Fcomments&post=35368"}],"version-history":[{"count":1,"href":"https:\/\/encuentroinformativo.com.mx\/index.php?rest_route=\/wp\/v2\/posts\/35368\/revisions"}],"predecessor-version":[{"id":35370,"href":"https:\/\/encuentroinformativo.com.mx\/index.php?rest_route=\/wp\/v2\/posts\/35368\/revisions\/35370"}],"wp:featuredmedia":[{"embeddable":true,"href":"https:\/\/encuentroinformativo.com.mx\/index.php?rest_route=\/wp\/v2\/media\/35369"}],"wp:attachment":[{"href":"https:\/\/encuentroinformativo.com.mx\/index.php?rest_route=%2Fwp%2Fv2%2Fmedia&parent=35368"}],"wp:term":[{"taxonomy":"category","embeddable":true,"href":"https:\/\/encuentroinformativo.com.mx\/index.php?rest_route=%2Fwp%2Fv2%2Fcategories&post=35368"},{"taxonomy":"post_tag","embeddable":true,"href":"https:\/\/encuentroinformativo.com.mx\/index.php?rest_route=%2Fwp%2Fv2%2Ftags&post=35368"}],"curies":[{"name":"wp","href":"https:\/\/api.w.org\/{rel}","templated":true}]}}