{"id":35371,"date":"2023-01-12T11:33:44","date_gmt":"2023-01-12T17:33:44","guid":{"rendered":"https:\/\/encuentroinformativo.com.mx\/?p=35371"},"modified":"2023-01-12T11:33:48","modified_gmt":"2023-01-12T17:33:48","slug":"se-deslinda-titular-de-segob-de-colocacion-de-espectaculares-en-veracruz","status":"publish","type":"post","link":"https:\/\/encuentroinformativo.com.mx\/?p=35371","title":{"rendered":"Se deslinda titular de Segob de colocaci\u00f3n de espectaculares en Veracruz"},"content":{"rendered":"\n<p><strong>Alejandro \u00c1vila<\/strong><\/p>\n\n\n\n<p>Veracruz, Ver.- El secretario de Gobernaci\u00f3n Federal, Ad\u00e1n Augusto L\u00f3pez Hern\u00e1ndez dijo que nada tiene que ver con los espectaculares que se colocaron a la entrada de la ciudad de Veracruz, donde le daban las gracias por visitar la entidad.<\/p>\n\n\n\n<p>De la misma manera dijo que no son los tiempos para colocarse como un presidenciable, y asegur\u00f3 que no cuenta con ning\u00fan coordinador de su presunta campa\u00f1a en el estado de Veracruz, el \u00fanico enlace con el que cuenta aqu\u00ed, es el delegado de la Secretar\u00eda de Gobernaci\u00f3n.<\/p>\n\n\n\n<p>&#8220;Precisamente ven\u00eda comentando con el Gobernador qu\u00e9 nosotros hicimos un deslinde hace dos o tres d\u00edas que nos avisaron qu\u00e9 estaban apareciendo estos espectaculares, y desde luego que agradezco a quienes los han colocado, pero yo exhorto a que ese tipo de anuncios no se den (\u2026) yo estoy ahora en otras tareas, ya despu\u00e9s vendr\u00e1n otros tiempos (\u2026) yo creo, primero, que no son tiempos electorales, y segundo, que a uno lo avala su trabajo, y que cuando uno piensa o antepone el ejercicio de su encargo, pues no necesita coordinador&#8221;, puntualiz\u00f3.<\/p>\n\n\n\n<p>En otro tema, dijo que tras hablar con el gobernador de Sinaloa, este le confirm\u00f3 que ya se encuentra restablecido el orden en la ciudad de Culiac\u00e1n; adem\u00e1s, asegur\u00f3 que este tema, llamado &#8220;el culiacanazo&#8221;, no s\u00e9 toc\u00f3 en la X Cumbre de L\u00edderes de Am\u00e9rica del Norte, donde estuvieron presentes, el presidente de los Estados Unidos, Joe Biden, y el presidente de Canad\u00e1, Justin Trudeau.<\/p>\n","protected":false},"excerpt":{"rendered":"<p>Alejandro \u00c1vila Veracruz, Ver.- El secretario de Gobernaci\u00f3n Federal, Ad\u00e1n Augusto L\u00f3pez Hern\u00e1ndez dijo que nada tiene que ver con los espectaculares que se colocaron a la entrada de la ciudad de Veracruz, donde le daban las gracias por visitar la entidad. De la misma manera dijo que no son los tiempos para colocarse como [&hellip;]<\/p>\n","protected":false},"author":2476,"featured_media":35372,"comment_status":"open","ping_status":"open","sticky":false,"template":"","format":"standard","meta":{"_jetpack_memberships_contains_paid_content":false,"footnotes":""},"categories":[2],"tags":[],"class_list":["post-35371","post","type-post","status-publish","format-standard","has-post-thumbnail","hentry","category-estado"],"jetpack_featured_media_url":"https:\/\/encuentroinformativo.com.mx\/wp-content\/uploads\/2023\/01\/IMG-20230112-WA0013.jpg","jetpack_sharing_enabled":true,"jetpack_likes_enabled":true,"amp_enabled":true,"_links":{"self":[{"href":"https:\/\/encuentroinformativo.com.mx\/index.php?rest_route=\/wp\/v2\/posts\/35371","targetHints":{"allow":["GET"]}}],"collection":[{"href":"https:\/\/encuentroinformativo.com.mx\/index.php?rest_route=\/wp\/v2\/posts"}],"about":[{"href":"https:\/\/encuentroinformativo.com.mx\/index.php?rest_route=\/wp\/v2\/types\/post"}],"author":[{"embeddable":true,"href":"https:\/\/encuentroinformativo.com.mx\/index.php?rest_route=\/wp\/v2\/users\/2476"}],"replies":[{"embeddable":true,"href":"https:\/\/encuentroinformativo.com.mx\/index.php?rest_route=%2Fwp%2Fv2%2Fcomments&post=35371"}],"version-history":[{"count":1,"href":"https:\/\/encuentroinformativo.com.mx\/index.php?rest_route=\/wp\/v2\/posts\/35371\/revisions"}],"predecessor-version":[{"id":35373,"href":"https:\/\/encuentroinformativo.com.mx\/index.php?rest_route=\/wp\/v2\/posts\/35371\/revisions\/35373"}],"wp:featuredmedia":[{"embeddable":true,"href":"https:\/\/encuentroinformativo.com.mx\/index.php?rest_route=\/wp\/v2\/media\/35372"}],"wp:attachment":[{"href":"https:\/\/encuentroinformativo.com.mx\/index.php?rest_route=%2Fwp%2Fv2%2Fmedia&parent=35371"}],"wp:term":[{"taxonomy":"category","embeddable":true,"href":"https:\/\/encuentroinformativo.com.mx\/index.php?rest_route=%2Fwp%2Fv2%2Fcategories&post=35371"},{"taxonomy":"post_tag","embeddable":true,"href":"https:\/\/encuentroinformativo.com.mx\/index.php?rest_route=%2Fwp%2Fv2%2Ftags&post=35371"}],"curies":[{"name":"wp","href":"https:\/\/api.w.org\/{rel}","templated":true}]}}