{"id":35374,"date":"2023-01-12T13:23:58","date_gmt":"2023-01-12T19:23:58","guid":{"rendered":"https:\/\/encuentroinformativo.com.mx\/?p=35374"},"modified":"2023-01-12T13:24:02","modified_gmt":"2023-01-12T19:24:02","slug":"docentes-reclaman-cambio-de-directora-en-preescolar-sara-felicidad","status":"publish","type":"post","link":"https:\/\/encuentroinformativo.com.mx\/?p=35374","title":{"rendered":"Docentes reclaman cambio de directora en preescolar &#8220;Sara Felicidad&#8221;"},"content":{"rendered":"\n<p><strong>Juan Arcos <\/strong><\/p>\n\n\n\n<p>Xalapa, Ver.- Docentes protestaron y tomaron el preescolar \u201cSara Felicidad Tapia de Peredo\u201d, en esta ciudad de Xalapa, para exigir la destituci\u00f3n de la encargada de la direcci\u00f3n, a quien se\u00f1alan de abuso de autoridad.<\/p>\n\n\n\n<p>La ma\u00f1ana de este jueves 12 de enero, los profesores demandaron la asignaci\u00f3n de una \u201cdirectora efectiva\u201d, para evitar problemas administrativos y laborales en este plantel.<\/p>\n\n\n\n<p>De acuerdo con la acad\u00e9mica Elizabeth S\u00e1nchez Landa, la instituci\u00f3n ha permanecido durante 16 a\u00f1os sin director o directora, lo que ha mermado las gestiones para la mejora del jard\u00edn de ni\u00f1os.<\/p>\n\n\n\n<p>Hace cuatro a\u00f1os, se design\u00f3 a una persona como encargada de la direcci\u00f3n, a quien se\u00f1alan de abuso de autoridad y de no tomar en cuenta a todo el personal.<\/p>\n\n\n\n<p>\u201cAproximadamente son 16 a\u00f1os con esta direcci\u00f3n comisionada, la persona que tiene el cargo en este momento tiene aproximadamente cuatro a\u00f1os (en el puesto) pero desde hace mucho se han presentado situaciones que no nos permiten laborar de manera adecuada\u201d, expres\u00f3 la acad\u00e9mica.<\/p>\n\n\n\n<p>El preescolar es considerado el m\u00e1s grande de la zona escolar n\u00famero 101, en esta capital del estado, y requiere de una \u201cdirecci\u00f3n efectiva\u201d para su \u00f3ptimo funcionamiento.<\/p>\n\n\n\n<p>\u201cHa habido abuso de autoridad, es muy impositiva, no toma en cuenta a todo el personal. Ahorita en el paro se not\u00f3, hay una divisi\u00f3n, porque a veces no aplica la normatividad parejo para todos, se ve el favoritismo hacia algunas personas\u201d, agreg\u00f3.<\/p>\n\n\n\n<p>Elizabeth S\u00e1nchez dijo desconocer los motivos por los cuales no ha sido asignada una persona en la direcci\u00f3n del plantel y pidi\u00f3 la intervenci\u00f3n de la Secretar\u00eda de Educaci\u00f3n de Veracruz (SEV) para que sea atendida esta problem\u00e1tica.<\/p>\n\n\n\n<p>El plantel se encuentra sobre la calle Colegio Militar sin n\u00famero, en la colonia Campo de Tiro, en una zona alejada al centro hist\u00f3rico de esta capital veracruzana.<\/p>\n","protected":false},"excerpt":{"rendered":"<p>Juan Arcos Xalapa, Ver.- Docentes protestaron y tomaron el preescolar \u201cSara Felicidad Tapia de Peredo\u201d, en esta ciudad de Xalapa, para exigir la destituci\u00f3n de la encargada de la direcci\u00f3n, a quien se\u00f1alan de abuso de autoridad. La ma\u00f1ana de este jueves 12 de enero, los profesores demandaron la asignaci\u00f3n de una \u201cdirectora efectiva\u201d, para [&hellip;]<\/p>\n","protected":false},"author":2476,"featured_media":35375,"comment_status":"open","ping_status":"open","sticky":false,"template":"","format":"standard","meta":{"_jetpack_memberships_contains_paid_content":false,"footnotes":""},"categories":[3],"tags":[],"class_list":["post-35374","post","type-post","status-publish","format-standard","has-post-thumbnail","hentry","category-xalapa"],"jetpack_featured_media_url":"https:\/\/encuentroinformativo.com.mx\/wp-content\/uploads\/2023\/01\/9bfe2a5b-bbd7-45cc-a0da-8403f6780692.jpg","jetpack_sharing_enabled":true,"jetpack_likes_enabled":true,"amp_enabled":true,"_links":{"self":[{"href":"https:\/\/encuentroinformativo.com.mx\/index.php?rest_route=\/wp\/v2\/posts\/35374","targetHints":{"allow":["GET"]}}],"collection":[{"href":"https:\/\/encuentroinformativo.com.mx\/index.php?rest_route=\/wp\/v2\/posts"}],"about":[{"href":"https:\/\/encuentroinformativo.com.mx\/index.php?rest_route=\/wp\/v2\/types\/post"}],"author":[{"embeddable":true,"href":"https:\/\/encuentroinformativo.com.mx\/index.php?rest_route=\/wp\/v2\/users\/2476"}],"replies":[{"embeddable":true,"href":"https:\/\/encuentroinformativo.com.mx\/index.php?rest_route=%2Fwp%2Fv2%2Fcomments&post=35374"}],"version-history":[{"count":1,"href":"https:\/\/encuentroinformativo.com.mx\/index.php?rest_route=\/wp\/v2\/posts\/35374\/revisions"}],"predecessor-version":[{"id":35376,"href":"https:\/\/encuentroinformativo.com.mx\/index.php?rest_route=\/wp\/v2\/posts\/35374\/revisions\/35376"}],"wp:featuredmedia":[{"embeddable":true,"href":"https:\/\/encuentroinformativo.com.mx\/index.php?rest_route=\/wp\/v2\/media\/35375"}],"wp:attachment":[{"href":"https:\/\/encuentroinformativo.com.mx\/index.php?rest_route=%2Fwp%2Fv2%2Fmedia&parent=35374"}],"wp:term":[{"taxonomy":"category","embeddable":true,"href":"https:\/\/encuentroinformativo.com.mx\/index.php?rest_route=%2Fwp%2Fv2%2Fcategories&post=35374"},{"taxonomy":"post_tag","embeddable":true,"href":"https:\/\/encuentroinformativo.com.mx\/index.php?rest_route=%2Fwp%2Fv2%2Ftags&post=35374"}],"curies":[{"name":"wp","href":"https:\/\/api.w.org\/{rel}","templated":true}]}}