{"id":35383,"date":"2023-01-12T11:16:52","date_gmt":"2023-01-12T17:16:52","guid":{"rendered":"https:\/\/encuentroinformativo.com.mx\/?p=35383"},"modified":"2023-01-12T16:19:46","modified_gmt":"2023-01-12T22:19:46","slug":"partido-definira-candidatoscazarin","status":"publish","type":"post","link":"https:\/\/encuentroinformativo.com.mx\/?p=35383","title":{"rendered":"Partido definir\u00e1 candidatos:Cazar\u00edn"},"content":{"rendered":"\n<p><strong>Dar\u00edo Pale <\/strong><\/p>\n\n\n\n<p>Xalapa, Ver.- El diputado local y presidente de la Junta de Coordinaci\u00f3n Pol\u00edtica del Congreso del Estado (Jucopo), Juan Javier G\u00f3mez Cazar\u00edn, dio a conocer que, Morena ser\u00e1 quien elija candidato en Veracruz, &#8220;pero mi coraz\u00f3n est\u00e1 con Roc\u00edo Nahle&#8221;.<\/p>\n\n\n\n<p>En entrevista, previo a la llegada del Secretario de Gobernaci\u00f3n, Ad\u00e1n Agusto L\u00f3pez a Veracruz, se\u00f1al\u00f3 que lo que decida Morena respecto a la candidatura para ocupar la gubernatura de Veracruz en el 2024, se va a respetar.<\/p>\n\n\n\n<p>El legislador se descart\u00f3 como un posible candidato al gobierno de Veracruz, ya que hay muchas personas que han trabajado m\u00e1s que \u00e9l y hacen las cosas bien.<\/p>\n\n\n\n<p>&#8220;No es el momento para uno, vamos a respetar lo que diga nuestro partido sumando pol\u00edticamente a favor de Veracruz&#8230; Tenemos a la secretaria de energ\u00eda as\u00ed lo digo abiertamente yo digo que mi coraz\u00f3n va hacia all\u00e1 ,que siga trabajando y haciendo las cosas bien&#8221;, se\u00f1al\u00f3.<\/p>\n\n\n\n<p>Por \u00faltimo puntualiz\u00f3 que se deben respetar las l\u00edneas del partido, por lo que se debe apoyar a aquellos l\u00edderes que suman pol\u00edticamente a favor de Veracruz.<\/p>\n","protected":false},"excerpt":{"rendered":"<p>Dar\u00edo Pale Xalapa, Ver.- El diputado local y presidente de la Junta de Coordinaci\u00f3n Pol\u00edtica del Congreso del Estado (Jucopo), Juan Javier G\u00f3mez Cazar\u00edn, dio a conocer que, Morena ser\u00e1 quien elija candidato en Veracruz, &#8220;pero mi coraz\u00f3n est\u00e1 con Roc\u00edo Nahle&#8221;. En entrevista, previo a la llegada del Secretario de Gobernaci\u00f3n, Ad\u00e1n Agusto L\u00f3pez [&hellip;]<\/p>\n","protected":false},"author":2476,"featured_media":35384,"comment_status":"open","ping_status":"open","sticky":false,"template":"","format":"standard","meta":{"_jetpack_memberships_contains_paid_content":false,"footnotes":""},"categories":[2],"tags":[],"class_list":["post-35383","post","type-post","status-publish","format-standard","has-post-thumbnail","hentry","category-estado"],"jetpack_featured_media_url":"https:\/\/encuentroinformativo.com.mx\/wp-content\/uploads\/2023\/01\/IMG-20230112-WA00562.jpg","jetpack_sharing_enabled":true,"jetpack_likes_enabled":true,"amp_enabled":true,"_links":{"self":[{"href":"https:\/\/encuentroinformativo.com.mx\/index.php?rest_route=\/wp\/v2\/posts\/35383","targetHints":{"allow":["GET"]}}],"collection":[{"href":"https:\/\/encuentroinformativo.com.mx\/index.php?rest_route=\/wp\/v2\/posts"}],"about":[{"href":"https:\/\/encuentroinformativo.com.mx\/index.php?rest_route=\/wp\/v2\/types\/post"}],"author":[{"embeddable":true,"href":"https:\/\/encuentroinformativo.com.mx\/index.php?rest_route=\/wp\/v2\/users\/2476"}],"replies":[{"embeddable":true,"href":"https:\/\/encuentroinformativo.com.mx\/index.php?rest_route=%2Fwp%2Fv2%2Fcomments&post=35383"}],"version-history":[{"count":1,"href":"https:\/\/encuentroinformativo.com.mx\/index.php?rest_route=\/wp\/v2\/posts\/35383\/revisions"}],"predecessor-version":[{"id":35385,"href":"https:\/\/encuentroinformativo.com.mx\/index.php?rest_route=\/wp\/v2\/posts\/35383\/revisions\/35385"}],"wp:featuredmedia":[{"embeddable":true,"href":"https:\/\/encuentroinformativo.com.mx\/index.php?rest_route=\/wp\/v2\/media\/35384"}],"wp:attachment":[{"href":"https:\/\/encuentroinformativo.com.mx\/index.php?rest_route=%2Fwp%2Fv2%2Fmedia&parent=35383"}],"wp:term":[{"taxonomy":"category","embeddable":true,"href":"https:\/\/encuentroinformativo.com.mx\/index.php?rest_route=%2Fwp%2Fv2%2Fcategories&post=35383"},{"taxonomy":"post_tag","embeddable":true,"href":"https:\/\/encuentroinformativo.com.mx\/index.php?rest_route=%2Fwp%2Fv2%2Ftags&post=35383"}],"curies":[{"name":"wp","href":"https:\/\/api.w.org\/{rel}","templated":true}]}}