{"id":35386,"date":"2023-01-12T11:16:06","date_gmt":"2023-01-12T17:16:06","guid":{"rendered":"https:\/\/encuentroinformativo.com.mx\/?p=35386"},"modified":"2023-01-12T17:18:51","modified_gmt":"2023-01-12T23:18:51","slug":"desmantelan-instituciones-agrarias-acusa-ugocp","status":"publish","type":"post","link":"https:\/\/encuentroinformativo.com.mx\/?p=35386","title":{"rendered":"Desmantelan instituciones agrarias, acusa UGOCP"},"content":{"rendered":"\n<p><strong>Juan Arcos <\/strong><\/p>\n\n\n\n<p>Xalapa, Ver.- Las instituciones agrarias est\u00e1n siendo desmanteladas durante la actual administraci\u00f3n federal, situaci\u00f3n que est\u00e1 recrudeciendo la pobreza en el campo.<\/p>\n\n\n\n<p>As\u00ed lo denunci\u00f3 el Luis G\u00f3mez Garay, dirigente de la Uni\u00f3n General Obrero Campesina Popular (UGOCP) en Veracruz, quien a\u00f1adi\u00f3 que el gobierno de la Cuarta Transformaci\u00f3n (4T) desapareci\u00f3 los programas de fomento rural.<\/p>\n\n\n\n<p>&#8220;Disfraz\u00e1ndole con peque\u00f1as ayudas que seg\u00fan ellos atiende el tema productivo, los apoyos que dan son meramente d\u00e1divas sociales, con un sentido corporativista, enfocado al tema electoral, no inciden para nada en el tema del desarrollo productivo\u201d, enfatiz\u00f3.<\/p>\n\n\n\n<p>El entrevistado opin\u00f3 que las pol\u00edticas p\u00fablicas del actual gobierno est\u00e1n provocando una regresi\u00f3n en todos los sectores productivos.<\/p>\n\n\n\n<p>\u201cTambi\u00e9n est\u00e1n provocando el atar a los productores a estrategias que solamente los van a llevar a la pobreza\u201d, enfatiz\u00f3 el l\u00edder campesino.<br>G\u00f3mez Garay mencion\u00f3 que el campo contin\u00faa en el abandono por parte de las autoridades de todos los niveles de gobierno.<\/p>\n\n\n\n<p>\u201cHa sido golpe tras golpe, como t\u00fa sabes en el tema del financiamiento la 4T vino desapareciendo pr\u00e1cticamente todos los programas de fomento rural\u201d, insisti\u00f3.<\/p>\n","protected":false},"excerpt":{"rendered":"<p>Juan Arcos Xalapa, Ver.- Las instituciones agrarias est\u00e1n siendo desmanteladas durante la actual administraci\u00f3n federal, situaci\u00f3n que est\u00e1 recrudeciendo la pobreza en el campo. As\u00ed lo denunci\u00f3 el Luis G\u00f3mez Garay, dirigente de la Uni\u00f3n General Obrero Campesina Popular (UGOCP) en Veracruz, quien a\u00f1adi\u00f3 que el gobierno de la Cuarta Transformaci\u00f3n (4T) desapareci\u00f3 los programas [&hellip;]<\/p>\n","protected":false},"author":2476,"featured_media":35387,"comment_status":"open","ping_status":"open","sticky":false,"template":"","format":"standard","meta":{"_jetpack_memberships_contains_paid_content":false,"footnotes":""},"categories":[2],"tags":[],"class_list":["post-35386","post","type-post","status-publish","format-standard","has-post-thumbnail","hentry","category-estado"],"jetpack_featured_media_url":"https:\/\/encuentroinformativo.com.mx\/wp-content\/uploads\/2023\/01\/IMG_7946.jpg","jetpack_sharing_enabled":true,"jetpack_likes_enabled":true,"amp_enabled":true,"_links":{"self":[{"href":"https:\/\/encuentroinformativo.com.mx\/index.php?rest_route=\/wp\/v2\/posts\/35386","targetHints":{"allow":["GET"]}}],"collection":[{"href":"https:\/\/encuentroinformativo.com.mx\/index.php?rest_route=\/wp\/v2\/posts"}],"about":[{"href":"https:\/\/encuentroinformativo.com.mx\/index.php?rest_route=\/wp\/v2\/types\/post"}],"author":[{"embeddable":true,"href":"https:\/\/encuentroinformativo.com.mx\/index.php?rest_route=\/wp\/v2\/users\/2476"}],"replies":[{"embeddable":true,"href":"https:\/\/encuentroinformativo.com.mx\/index.php?rest_route=%2Fwp%2Fv2%2Fcomments&post=35386"}],"version-history":[{"count":1,"href":"https:\/\/encuentroinformativo.com.mx\/index.php?rest_route=\/wp\/v2\/posts\/35386\/revisions"}],"predecessor-version":[{"id":35388,"href":"https:\/\/encuentroinformativo.com.mx\/index.php?rest_route=\/wp\/v2\/posts\/35386\/revisions\/35388"}],"wp:featuredmedia":[{"embeddable":true,"href":"https:\/\/encuentroinformativo.com.mx\/index.php?rest_route=\/wp\/v2\/media\/35387"}],"wp:attachment":[{"href":"https:\/\/encuentroinformativo.com.mx\/index.php?rest_route=%2Fwp%2Fv2%2Fmedia&parent=35386"}],"wp:term":[{"taxonomy":"category","embeddable":true,"href":"https:\/\/encuentroinformativo.com.mx\/index.php?rest_route=%2Fwp%2Fv2%2Fcategories&post=35386"},{"taxonomy":"post_tag","embeddable":true,"href":"https:\/\/encuentroinformativo.com.mx\/index.php?rest_route=%2Fwp%2Fv2%2Ftags&post=35386"}],"curies":[{"name":"wp","href":"https:\/\/api.w.org\/{rel}","templated":true}]}}