{"id":35398,"date":"2023-01-12T22:26:34","date_gmt":"2023-01-13T04:26:34","guid":{"rendered":"https:\/\/encuentroinformativo.com.mx\/?p=35398"},"modified":"2023-01-12T22:26:37","modified_gmt":"2023-01-13T04:26:37","slug":"boca-del-rio-ciudad-modelo-y-en-constante-crecimiento-alcalde-unanue","status":"publish","type":"post","link":"https:\/\/encuentroinformativo.com.mx\/?p=35398","title":{"rendered":"Boca del R\u00edo, ciudad modelo y en constante crecimiento: Alcalde Un\u00e1nue"},"content":{"rendered":"\n<p>Boca del R\u00edo, Ver.- El Alcalde de Boca del R\u00edo, Juan Manuel Un\u00e1nue Abascal, refrend\u00f3 su compromiso de trabajar en coordinaci\u00f3n con las diferentes c\u00e1maras empresariales a favor de la ciudad y su reactivaci\u00f3n econ\u00f3mica.<\/p>\n\n\n\n<p>Ante empresarios y socios de la C\u00e1mara Nacional de la Industria de la Transformaci\u00f3n (CANACINTRA) Veracruz, destac\u00f3 que en pocos a\u00f1os la ciudad ha presentado un constante crecimiento econ\u00f3mico, as\u00ed como en las diferentes vertientes de las industrias.<\/p>\n\n\n\n<p>\u201cBoca del R\u00edo dentro del sector tur\u00edstico y econ\u00f3mico m\u00e1s importante del estado, es una ciudad joven pero muy completa que el d\u00eda 26 de enero cumplir\u00e1 35 a\u00f1os de ser elevada a rango de ciudad, vivi\u00e9ndose ahora el crecimiento y la modernidad\u201d, expres\u00f3.<\/p>\n\n\n\n<p>Un\u00e1nue Abascal enfatiz\u00f3 que en los primeros 13 meses de la actual administraci\u00f3n el municipio se ha convertido en una ciudad modelo y de constante crecimiento, con mucha inversi\u00f3n y turismo de todas las latitudes.<\/p>\n\n\n\n<p>Destac\u00f3 ante el sector empresarial que su gobierno tiene una buena relaci\u00f3n y comunicaci\u00f3n con las presidentas y presidentes de las distintas c\u00e1maras empresariales, con quienes se impulsan diversos planes que abonan al fortalecimiento econ\u00f3mico de la ciudad y de los boque\u00f1os.<\/p>\n\n\n\n<p>Asimismo, el Presidente Municipal de Boca del R\u00edo reconoci\u00f3 el trabajo y dinamismo del expresidente del organismo Jos\u00e9 Antonio Campa P\u00e9rez, durante su periodo al frente de la C\u00e1mara Nacional de la Industria de la Transformaci\u00f3n en Veracruz, record\u00e1ndolo con respeto y aprecio.<\/p>\n\n\n\n<p>Por su parte, la nueva presidenta de la CANACINTRA Veracruz, Mildred Ch\u00e1vez Aguilar, agradeci\u00f3 la presencia del Edil en el homenaje p\u00f3stumo del ahora expresidente del organismo, Jos\u00e9 Antonio Campa P\u00e9rez.<\/p>\n","protected":false},"excerpt":{"rendered":"<p>Boca del R\u00edo, Ver.- El Alcalde de Boca del R\u00edo, Juan Manuel Un\u00e1nue Abascal, refrend\u00f3 su compromiso de trabajar en coordinaci\u00f3n con las diferentes c\u00e1maras empresariales a favor de la ciudad y su reactivaci\u00f3n econ\u00f3mica. Ante empresarios y socios de la C\u00e1mara Nacional de la Industria de la Transformaci\u00f3n (CANACINTRA) Veracruz, destac\u00f3 que en pocos [&hellip;]<\/p>\n","protected":false},"author":2476,"featured_media":35399,"comment_status":"open","ping_status":"open","sticky":false,"template":"","format":"standard","meta":{"_jetpack_memberships_contains_paid_content":false,"footnotes":""},"categories":[2],"tags":[],"class_list":["post-35398","post","type-post","status-publish","format-standard","has-post-thumbnail","hentry","category-estado"],"jetpack_featured_media_url":"https:\/\/encuentroinformativo.com.mx\/wp-content\/uploads\/2023\/01\/IMG-20230112-WA00882.jpg","jetpack_sharing_enabled":true,"jetpack_likes_enabled":true,"amp_enabled":true,"_links":{"self":[{"href":"https:\/\/encuentroinformativo.com.mx\/index.php?rest_route=\/wp\/v2\/posts\/35398","targetHints":{"allow":["GET"]}}],"collection":[{"href":"https:\/\/encuentroinformativo.com.mx\/index.php?rest_route=\/wp\/v2\/posts"}],"about":[{"href":"https:\/\/encuentroinformativo.com.mx\/index.php?rest_route=\/wp\/v2\/types\/post"}],"author":[{"embeddable":true,"href":"https:\/\/encuentroinformativo.com.mx\/index.php?rest_route=\/wp\/v2\/users\/2476"}],"replies":[{"embeddable":true,"href":"https:\/\/encuentroinformativo.com.mx\/index.php?rest_route=%2Fwp%2Fv2%2Fcomments&post=35398"}],"version-history":[{"count":1,"href":"https:\/\/encuentroinformativo.com.mx\/index.php?rest_route=\/wp\/v2\/posts\/35398\/revisions"}],"predecessor-version":[{"id":35400,"href":"https:\/\/encuentroinformativo.com.mx\/index.php?rest_route=\/wp\/v2\/posts\/35398\/revisions\/35400"}],"wp:featuredmedia":[{"embeddable":true,"href":"https:\/\/encuentroinformativo.com.mx\/index.php?rest_route=\/wp\/v2\/media\/35399"}],"wp:attachment":[{"href":"https:\/\/encuentroinformativo.com.mx\/index.php?rest_route=%2Fwp%2Fv2%2Fmedia&parent=35398"}],"wp:term":[{"taxonomy":"category","embeddable":true,"href":"https:\/\/encuentroinformativo.com.mx\/index.php?rest_route=%2Fwp%2Fv2%2Fcategories&post=35398"},{"taxonomy":"post_tag","embeddable":true,"href":"https:\/\/encuentroinformativo.com.mx\/index.php?rest_route=%2Fwp%2Fv2%2Ftags&post=35398"}],"curies":[{"name":"wp","href":"https:\/\/api.w.org\/{rel}","templated":true}]}}