{"id":35404,"date":"2023-01-13T09:07:13","date_gmt":"2023-01-13T15:07:13","guid":{"rendered":"https:\/\/encuentroinformativo.com.mx\/?p=35404"},"modified":"2023-01-12T23:06:51","modified_gmt":"2023-01-13T05:06:51","slug":"promueve-colver-foros-sobre-revolucionarios-veracruzanos","status":"publish","type":"post","link":"https:\/\/encuentroinformativo.com.mx\/?p=35404","title":{"rendered":"Promueve COLVER foros sobre \u201cRevolucionarios Veracruzanos\u201d"},"content":{"rendered":"\n<p><strong>Israel Garc\u00eda<\/strong><\/p>\n\n\n\n<p>Xalapa, Ver.- El Rector del Colegio de Veracruz (COLVER) Mario Ra\u00fal Mijares S\u00e1nchez dio a conocer que con el objetivo de que estudiantes y poblaci\u00f3n en general conozcan m\u00e1s sobre la historia de M\u00e9xico, se realizar\u00e1n los foros de Ciencias Pol\u00edticas \u201cRevolucionarios Veracruzanos.<\/p>\n\n\n\n<p>En entrevista coment\u00f3 que ser\u00e1 en las instalaciones del COLVER donde todos los s\u00e1bados del presente a\u00f1o, a las 12:00 horas se efectuar\u00e1n los foros de ciencia pol\u00edtica, los cuales est\u00e1n abiertos a la comunidad escolar, catedr\u00e1ticos y p\u00fablico en general.<\/p>\n\n\n\n<p>\u201cEs un foro de ciencia pol\u00edtica, ser\u00e1 todo el a\u00f1o sobre los revolucionarios veracruzanos, todos los s\u00e1bados del a\u00f1o a las doce horas\u2026 lo que estamos haciendo hoy es conmemorar a los revolucionarios veracruzanos que hay muchos\u201d.<\/p>\n\n\n\n<p>El funcionario acad\u00e9mico destac\u00f3 la importancia de que los j\u00f3venes conozcan sobre estos temas, pues dijo que muchas veces se han percatado de que la poblaci\u00f3n estudiantil desconoce los nombres de los personajes veracruzanos que han formado parte de esta historia de nuestro pa\u00eds.<\/p>\n","protected":false},"excerpt":{"rendered":"<p>Israel Garc\u00eda Xalapa, Ver.- El Rector del Colegio de Veracruz (COLVER) Mario Ra\u00fal Mijares S\u00e1nchez dio a conocer que con el objetivo de que estudiantes y poblaci\u00f3n en general conozcan m\u00e1s sobre la historia de M\u00e9xico, se realizar\u00e1n los foros de Ciencias Pol\u00edticas \u201cRevolucionarios Veracruzanos. En entrevista coment\u00f3 que ser\u00e1 en las instalaciones del COLVER [&hellip;]<\/p>\n","protected":false},"author":2476,"featured_media":35402,"comment_status":"open","ping_status":"open","sticky":false,"template":"","format":"standard","meta":{"_jetpack_memberships_contains_paid_content":false,"footnotes":""},"categories":[3],"tags":[],"class_list":["post-35404","post","type-post","status-publish","format-standard","has-post-thumbnail","hentry","category-xalapa"],"jetpack_featured_media_url":"https:\/\/encuentroinformativo.com.mx\/wp-content\/uploads\/2023\/01\/IMG-20230112-WA00832.jpg","jetpack_sharing_enabled":true,"jetpack_likes_enabled":true,"amp_enabled":true,"_links":{"self":[{"href":"https:\/\/encuentroinformativo.com.mx\/index.php?rest_route=\/wp\/v2\/posts\/35404","targetHints":{"allow":["GET"]}}],"collection":[{"href":"https:\/\/encuentroinformativo.com.mx\/index.php?rest_route=\/wp\/v2\/posts"}],"about":[{"href":"https:\/\/encuentroinformativo.com.mx\/index.php?rest_route=\/wp\/v2\/types\/post"}],"author":[{"embeddable":true,"href":"https:\/\/encuentroinformativo.com.mx\/index.php?rest_route=\/wp\/v2\/users\/2476"}],"replies":[{"embeddable":true,"href":"https:\/\/encuentroinformativo.com.mx\/index.php?rest_route=%2Fwp%2Fv2%2Fcomments&post=35404"}],"version-history":[{"count":1,"href":"https:\/\/encuentroinformativo.com.mx\/index.php?rest_route=\/wp\/v2\/posts\/35404\/revisions"}],"predecessor-version":[{"id":35405,"href":"https:\/\/encuentroinformativo.com.mx\/index.php?rest_route=\/wp\/v2\/posts\/35404\/revisions\/35405"}],"wp:featuredmedia":[{"embeddable":true,"href":"https:\/\/encuentroinformativo.com.mx\/index.php?rest_route=\/wp\/v2\/media\/35402"}],"wp:attachment":[{"href":"https:\/\/encuentroinformativo.com.mx\/index.php?rest_route=%2Fwp%2Fv2%2Fmedia&parent=35404"}],"wp:term":[{"taxonomy":"category","embeddable":true,"href":"https:\/\/encuentroinformativo.com.mx\/index.php?rest_route=%2Fwp%2Fv2%2Fcategories&post=35404"},{"taxonomy":"post_tag","embeddable":true,"href":"https:\/\/encuentroinformativo.com.mx\/index.php?rest_route=%2Fwp%2Fv2%2Ftags&post=35404"}],"curies":[{"name":"wp","href":"https:\/\/api.w.org\/{rel}","templated":true}]}}