{"id":35406,"date":"2023-01-13T09:45:50","date_gmt":"2023-01-13T15:45:50","guid":{"rendered":"https:\/\/encuentroinformativo.com.mx\/?p=35406"},"modified":"2023-01-13T09:45:56","modified_gmt":"2023-01-13T15:45:56","slug":"adan-apapacha-a-cuitlahuac-y-batea-a-gutierritos","status":"publish","type":"post","link":"https:\/\/encuentroinformativo.com.mx\/?p=35406","title":{"rendered":"AD\u00c1N APAPACHA A CUITL\u00c1HUAC\u2026 Y BATEA A GUTIERRITOS"},"content":{"rendered":"\n<p><strong>ColumnaSinNombre<br>@pablojair<\/strong><\/p>\n\n\n\n<ul class=\"wp-block-list\"><li>El evento m\u00e1s pri\u00edsta de Morena.<\/li><li>Mala decisi\u00f3n de la Guardia Nacional en el Metro.<\/li><li>No se ponen todos los huevos en una sola canasta.<\/li><\/ul>\n\n\n\n<p>Am\u00e1, \u201cvoa\u201d probar galletas m\u00e1gicas este viernes<br>\u2014Chopenjawer<\/p>\n\n\n\n<p>Este jueves lleg\u00f3 a Veracruz el secretario de Gobernaci\u00f3n, Ad\u00e1n Augusto L\u00f3pez Hern\u00e1ndez, para iniciar una gira por todos los estados de la Rep\u00fablica para hablar de la Reforma Electoral.<\/p>\n\n\n\n<p>Hace algunos meses, una persona que trabajaba en el Congreso de la Uni\u00f3n me coment\u00f3 que hab\u00eda una supuesta l\u00ednea desde Palacio Nacional (un rumor con mucho ruido) para apoyar a Ad\u00e1n Augusto rumbo a la Presidencia de la Rep\u00fablica. Desde ah\u00ed comenz\u00f3 entre los diputados federales la calentura inmediata de apoyar al tabasque\u00f1o cuando \u00e9ste ni siquiera ten\u00eda reflectores encima como ahora.<\/p>\n\n\n\n<p>El secretario, hombre muy cercano (casi hermano) al presidente Andr\u00e9s Manuel L\u00f3pez Obrador as\u00ed comenz\u00f3 a figurar como aspirante a la Presidencia de la Rep\u00fablica, adem\u00e1s de ser candidato natural por el cargo que ostenta como el encargado de la gobernabilidad en el pa\u00eds y por ser el operador pol\u00edtico de cabecera de AMLO.<\/p>\n\n\n\n<p>Pese a que en los n\u00fameros de encuestas serias se encuentra todav\u00eda muy por debajo del canciller Marcelo Ebrard y de la jefa de Gobierno de la CDMX, Claudia Sheinbaum, Ad\u00e1n Augusto, con todas las preferencias de Morena en la clase popular, ganar\u00eda igual la Presidencia contra la oposici\u00f3n, por lo que sigue siendo un aspirante serio a quien adem\u00e1s le ven muchas posibilidades por su cercan\u00eda con AMLO, tirando por la borda el tema de la encuesta que supuestamente definir\u00eda al candidato o candidata a la Presidencia.<\/p>\n\n\n\n<p>Hace unos d\u00edas se dio a conocer que Marcelo Ebrard ya tendr\u00eda un coordinador en Veracruz; una especie de representante para comenzar a hacer presencia en el estado, donde se ve una preferencia oficial muy obvia por la jefa de Gobierno de la CDMX.<\/p>\n\n\n\n<p>Luego entonces, la pregunta de muchos era si Ad\u00e1n Augusto iba a anunciar, en su visita a Veracruz este jueves, a su coordinador en el estado. Los m\u00e1s osados (o ingenuos) dec\u00edan que ese nombramiento ir\u00eda para el diputado federal \u201cCheco Gutierritos\u201d, quien se ostenta casi-casi como el representante del tabasque\u00f1o en tierras veracruzanas y anda vendiendo esos espejitos a los incautos que se la creen.<\/p>\n\n\n\n<p>No obstante, Ad\u00e1n Augusto los par\u00f3 en seco diciendo que no ten\u00eda representante alguno en Veracruz (salvo el delegado de la Secretar\u00eda de Gobernaci\u00f3n en Xalapa) aduciendo que ten\u00eda otras responsabilidades y que no eran los tiempos pol\u00edticos. De paso, critic\u00f3 los anuncios espectaculares que se han puesto en algunas partes del estado, pidiendo que dejen de hacer esas pr\u00e1cticas. La pedrada fue para \u201cGutierritos\u201d.<\/p>\n\n\n\n<p>\u201cNo son tiempos electorales; a uno lo avala su trabajo y cuando antepone el ejercicio de su encargo, no se necesitan coordinadores (en el estado). Para eso hay representante de Segob\u201d, expuso.<\/p>\n\n\n\n<p>As\u00ed se dio la primera bateada de Ad\u00e1n Augusto a \u201cGutierritos\u201d, al que nunca nombr\u00f3 como su \u201crepresentante\u201d en Veracruz como muchos cre\u00edan que iba a hacerlo.<\/p>\n\n\n\n<p>A Ad\u00e1n Augusto se le vio muy contento en el tradicional caf\u00e9 de La Parroquia; de hecho, destac\u00f3 el que haya iniciado en Veracruz su gira por el pa\u00eds desvivi\u00e9ndose en elogios al gobernador Cuitl\u00e1huac incluso desde antes del evento, pues en el famoso restaurante lo catalog\u00f3 como un compa\u00f1ero del movimiento comprometido y \u201cbaluarte de las pol\u00edticas p\u00fablicas del gobierno del presidente\u201d.<\/p>\n\n\n\n<p>Los elogios al mandatario estatal siguieron: cuando comenz\u00f3 la intervenci\u00f3n del secretario de Gobernaci\u00f3n en el evento magno del World Trade Center, arranc\u00f3 con las siguientes palabras: \u201cYo, antes que nada, quiero iniciar agradeciendo y reconociendo a quien es un ejemplo, a quien es uno de los faros de la Cuarta Transformaci\u00f3n, vaya tarea la que le toc\u00f3 a nuestro amigo, hermano, compa\u00f1ero, Cuitl\u00e1huac Garc\u00eda. Y hoy yo vengo aqu\u00ed a pedirles a todos ustedes a que del tama\u00f1o de su gran labor sea el aplauso y el reconocimiento para Cuitl\u00e1huac Garc\u00eda, muchas gracias Cuitl\u00e1huac, muchas felicidades\u201d.<\/p>\n\n\n\n<p>En su discurso, L\u00f3pez Hern\u00e1ndez sigui\u00f3 d\u00e1ndole \u201ccalorcito\u201d al mandatario estatal; \u201cGutierritos\u201d pas\u00f3 a tercer o cuarto plano, pues de hecho se desapareci\u00f3 del evento luego de que acompa\u00f1\u00f3 por unos metros al secretario de Gobernaci\u00f3n por el pasillo principal. Solamente fue mencionado una vez por el funcionario federal entre una lista de varios legisladores federales que mencion\u00f3 Ad\u00e1n Augusto, pero eso fue todo. No hubo mayor deferencia.<\/p>\n\n\n\n<p>Este 10 de enero, una encuesta que circula entre diputados federales de Morena, es la realizada por la empresa llamada LaEncuesta.Mx, donde se hicieron diversas mediciones de las gubernaturas en los estados que tendr\u00e1n pr\u00f3ximas elecciones. En el caso de Veracruz, sigue muy arriba la alianza de Morena-PVEM-PT (50.3%) por encima del PRIANRD (35.4%). Movimiento Ciudadano (que se supone ir\u00e1 solo) apenas llega al 9.2%.<\/p>\n\n\n\n<p>Es decir, incluso sumando los porcentajes de MC con el PRIANRD, todav\u00eda habr\u00eda una ligera ventaja para Morena en Veracruz, y es probable que as\u00ed sea (la alianza) porque el due\u00f1o del partido naranja, el exgobernador Dante Delgado, tiene inter\u00e9s particular en hacer coalici\u00f3n para destronar al partido lopezobradorista en Veracruz. Hay actores pol\u00edticos que hablan de una \u201cgran alianza\u201d como para \u201cespantar\u201d con el petate del cad\u00e1ver pol\u00edtico.<\/p>\n\n\n\n<p>En la misma encuesta, quien figura como la aspirante con mayor porcentaje es la secretaria de Energ\u00eda, Roc\u00edo Nahle, con un 39.8%; le siguen el alcalde de Xalapa, Ricardo Ahued, con 24.9%, y luego el superdelegado federal, Manuel Huerta, y el secretario de Educaci\u00f3n, Zenyazen Escobar, con 13% cada uno. Son los \u00fanicos que figuran como aspirantes.<\/p>\n\n\n\n<p>Otras encuestas como las de Massive Caller (que constantemente hacen estudios) tambi\u00e9n mencionan casi a los mismos aspirantes a la gubernatura y algunas incluyen al secretario de Gobierno, Eric Cisneros Burgos; pero fuera de esos nombres, no se menciona a nadie m\u00e1s.<\/p>\n\n\n\n<p>As\u00ed que \u201cGutierritos\u201d ni es coordinador de Ad\u00e1n Augusto, ni lo nombr\u00f3 como tal, ni tuvo \u201ccalorcito\u201d especial del secretario; mucho menos es un aspirante contemplado seriamente a la gubernatura como marcan las encuestas serias\u2026<\/p>\n\n\n\n<p>Pero all\u00e1 que le crean quienes deban creerle. No los vamos a distraer.<\/p>\n\n\n\n<p><strong>NOTA PARA PEGAR EN EL REFRI: <\/strong>Es la primera vez que se vio un acto masivo oficial que ya de plano se convirti\u00f3 en evento pol\u00edtico al puro viejo estilo pri\u00edsta. Y es que si bien Ad\u00e1n Augusto vino a hablar de la Reforma Electoral, el mensaje, el acto, se convirti\u00f3 en una guerra de porras, vivas, batucadas como en los tiempos de gloria del tricolor\u2026 Este jueves ahora s\u00ed hubo foto de brazos levantados, rollo m\u00e1s pol\u00edtico, log\u00edstica rota por los acarrea\u2026 digo, \u201csimpatizantes que llegaron por su propio pie\u201d e irrumpieron en el WTC\u2026 Con eventos anteriores, como los de Roc\u00edo Nahle, fueron m\u00e1s t\u00e9cnicos, con cero discursos demag\u00f3gicos, cuidando mucho esa l\u00ednea delgada entre evento oficial y meramente pol\u00edtico\u2026 No se extra\u00f1e de lo anterior: ya est\u00e1 en ruta la b\u00fasqueda del 2024.<\/p>\n\n\n\n<p><strong>OTRA NOTA:<\/strong> Que parece una muy mala decisi\u00f3n la de la jefa de Gobierno de la CDMX, Claudia Sheinbaum, la de incluir a la Guardia Nacional para resguardar el Metro porque t\u00e1citamente admite que no puede con la seguridad del sistema colectivo de transporte m\u00e1s importante de la capital del pa\u00eds. El problema, sin ser experto, incluso no parece ser un tema de seguridad, sino de que ya est\u00e1n reventando los problemas en el gusano naranja que se acumularon por tanto tiempo que no se le di\u00f3 mantenimiento adecuado.<\/p>\n\n\n\n<p><strong>LA \u00daLTIMA PORQUE MA\u00d1ANA DESAYUNO TEMPRA CON LA CHICA TATUADA<\/strong>: Dicen por ah\u00ed que no hay que poner todos los huevos en una sola canasta y aplica tanto para pol\u00edtica como para cuestiones empresariales, y se refiere a que no hay que apostarle todo a una sola cosa, a una sola persona, sino tener otras opciones listas. Ac\u00e1 en Veracruz parece que ya entendieron el mensaje y en una de esas hasta aparecen bardas pintadas con la leyenda \u201cEs Ad\u00e1n\u201d.<\/p>\n","protected":false},"excerpt":{"rendered":"<p>ColumnaSinNombre@pablojair El evento m\u00e1s pri\u00edsta de Morena. Mala decisi\u00f3n de la Guardia Nacional en el Metro. No se ponen todos los huevos en una sola canasta. Am\u00e1, \u201cvoa\u201d probar galletas m\u00e1gicas este viernes\u2014Chopenjawer Este jueves lleg\u00f3 a Veracruz el secretario de Gobernaci\u00f3n, Ad\u00e1n Augusto L\u00f3pez Hern\u00e1ndez, para iniciar una gira por todos los estados de [&hellip;]<\/p>\n","protected":false},"author":2476,"featured_media":488,"comment_status":"open","ping_status":"open","sticky":false,"template":"","format":"standard","meta":{"_jetpack_memberships_contains_paid_content":false,"footnotes":""},"categories":[11],"tags":[],"class_list":["post-35406","post","type-post","status-publish","format-standard","has-post-thumbnail","hentry","category-opinion"],"jetpack_featured_media_url":"https:\/\/encuentroinformativo.com.mx\/wp-content\/uploads\/2020\/03\/F471F608-BA1A-416B-BA7B-BCFB24F4E6D0.jpeg","jetpack_sharing_enabled":true,"jetpack_likes_enabled":true,"amp_enabled":true,"_links":{"self":[{"href":"https:\/\/encuentroinformativo.com.mx\/index.php?rest_route=\/wp\/v2\/posts\/35406","targetHints":{"allow":["GET"]}}],"collection":[{"href":"https:\/\/encuentroinformativo.com.mx\/index.php?rest_route=\/wp\/v2\/posts"}],"about":[{"href":"https:\/\/encuentroinformativo.com.mx\/index.php?rest_route=\/wp\/v2\/types\/post"}],"author":[{"embeddable":true,"href":"https:\/\/encuentroinformativo.com.mx\/index.php?rest_route=\/wp\/v2\/users\/2476"}],"replies":[{"embeddable":true,"href":"https:\/\/encuentroinformativo.com.mx\/index.php?rest_route=%2Fwp%2Fv2%2Fcomments&post=35406"}],"version-history":[{"count":1,"href":"https:\/\/encuentroinformativo.com.mx\/index.php?rest_route=\/wp\/v2\/posts\/35406\/revisions"}],"predecessor-version":[{"id":35407,"href":"https:\/\/encuentroinformativo.com.mx\/index.php?rest_route=\/wp\/v2\/posts\/35406\/revisions\/35407"}],"wp:featuredmedia":[{"embeddable":true,"href":"https:\/\/encuentroinformativo.com.mx\/index.php?rest_route=\/wp\/v2\/media\/488"}],"wp:attachment":[{"href":"https:\/\/encuentroinformativo.com.mx\/index.php?rest_route=%2Fwp%2Fv2%2Fmedia&parent=35406"}],"wp:term":[{"taxonomy":"category","embeddable":true,"href":"https:\/\/encuentroinformativo.com.mx\/index.php?rest_route=%2Fwp%2Fv2%2Fcategories&post=35406"},{"taxonomy":"post_tag","embeddable":true,"href":"https:\/\/encuentroinformativo.com.mx\/index.php?rest_route=%2Fwp%2Fv2%2Ftags&post=35406"}],"curies":[{"name":"wp","href":"https:\/\/api.w.org\/{rel}","templated":true}]}}