{"id":35411,"date":"2023-01-13T09:54:54","date_gmt":"2023-01-13T15:54:54","guid":{"rendered":"https:\/\/encuentroinformativo.com.mx\/?p=35411"},"modified":"2023-01-13T09:54:58","modified_gmt":"2023-01-13T15:54:58","slug":"se-pronuncia-cometur-por-recalendarizacion-escolar","status":"publish","type":"post","link":"https:\/\/encuentroinformativo.com.mx\/?p=35411","title":{"rendered":"Se pronuncia COMETUR por recalendarizaci\u00f3n escolar"},"content":{"rendered":"\n<p><strong>Alejandro \u00c1vila<\/strong><\/p>\n\n\n\n<p>Veracruz, Ver.- El aumento de vacaciones a empleados no garantiza que haya un incremento en la ocupaci\u00f3n hotelera durante los siguientes a\u00f1os, mencion\u00f3 el presidente del Consejo Metropolitano de Turismo (COMETUR), Sergio Lois Heredia.<\/p>\n\n\n\n<p>El empresario se\u00f1al\u00f3 que para que exista un aumento durante las temporadas bajas c\u00f3mo pretende el Gobierno Federal, se deber\u00eda tambi\u00e9n recalendarizar el Plan de Estudios de la Secretar\u00eda de Educaci\u00f3n P\u00fablica.<\/p>\n\n\n\n<p>&#8220;Dif\u00edcilmente va a provocar un efecto que vaya a ser perceptible para lo que es el sector. La \u00fanica forma en que podr\u00eda tener un aumento perceptible, qu\u00e9 dij\u00e9ramos, s\u00ed va a aumentar, qu\u00e9 las personas viaje m\u00e1s y que por ende haya m\u00e1s turismo, es si esto viniera acompa\u00f1ado de un redise\u00f1o en lo que es el calendario escolar&#8221;, puntualiz\u00f3.<\/p>\n\n\n\n<p>Lois Heredia record\u00f3 que, desde hace a\u00f1os se han ido recordando las vacaciones en las escuelas.<\/p>\n\n\n\n<p>&#8220;Si nosotros nos fijamos en los calendarios escolares de los ochentas, de principios de los noventas, porque a mediados fue cuando esto empez\u00f3 a cambiar, podemos observar vacaciones de verano mucho m\u00e1s amplias, vacaciones de diciembre m\u00e1s amplias, Semana Santa no, Semana Santa siempre ha sido m\u00e1s o menos igual, incluso m\u00e1s d\u00edas festivos en su momento que aplicaban m\u00e1s puentes, al final de cuentas hab\u00eda m\u00e1s temporadas en las que los ni\u00f1os no iban a la escuela, y cuando los ni\u00f1os no van a la escuela, es cuando los padres, la mam\u00e1 y el pap\u00e1 se permite al salir de vacaciones, y como familia pues gastan, generalmente genera una derrama m\u00e1s una familia que un viajero solo o una pareja&#8221;, agreg\u00f3.<\/p>\n\n\n\n<p>Finalmente, el presidente de COMETUR resalt\u00f3 la importancia de analizar esta situaci\u00f3n con la finalidad de mejorar el sector tur\u00edstico en la Rep\u00fablica Mexicana, toda vez qu\u00e9 en el 2022 tuvieron un cierre bastante productivo.<\/p>\n","protected":false},"excerpt":{"rendered":"<p>Alejandro \u00c1vila Veracruz, Ver.- El aumento de vacaciones a empleados no garantiza que haya un incremento en la ocupaci\u00f3n hotelera durante los siguientes a\u00f1os, mencion\u00f3 el presidente del Consejo Metropolitano de Turismo (COMETUR), Sergio Lois Heredia. El empresario se\u00f1al\u00f3 que para que exista un aumento durante las temporadas bajas c\u00f3mo pretende el Gobierno Federal, se [&hellip;]<\/p>\n","protected":false},"author":2476,"featured_media":35412,"comment_status":"open","ping_status":"open","sticky":false,"template":"","format":"standard","meta":{"_jetpack_memberships_contains_paid_content":false,"footnotes":""},"categories":[2],"tags":[],"class_list":["post-35411","post","type-post","status-publish","format-standard","has-post-thumbnail","hentry","category-estado"],"jetpack_featured_media_url":"https:\/\/encuentroinformativo.com.mx\/wp-content\/uploads\/2023\/01\/IMG-20230113-WA0012.jpg","jetpack_sharing_enabled":true,"jetpack_likes_enabled":true,"amp_enabled":true,"_links":{"self":[{"href":"https:\/\/encuentroinformativo.com.mx\/index.php?rest_route=\/wp\/v2\/posts\/35411","targetHints":{"allow":["GET"]}}],"collection":[{"href":"https:\/\/encuentroinformativo.com.mx\/index.php?rest_route=\/wp\/v2\/posts"}],"about":[{"href":"https:\/\/encuentroinformativo.com.mx\/index.php?rest_route=\/wp\/v2\/types\/post"}],"author":[{"embeddable":true,"href":"https:\/\/encuentroinformativo.com.mx\/index.php?rest_route=\/wp\/v2\/users\/2476"}],"replies":[{"embeddable":true,"href":"https:\/\/encuentroinformativo.com.mx\/index.php?rest_route=%2Fwp%2Fv2%2Fcomments&post=35411"}],"version-history":[{"count":1,"href":"https:\/\/encuentroinformativo.com.mx\/index.php?rest_route=\/wp\/v2\/posts\/35411\/revisions"}],"predecessor-version":[{"id":35413,"href":"https:\/\/encuentroinformativo.com.mx\/index.php?rest_route=\/wp\/v2\/posts\/35411\/revisions\/35413"}],"wp:featuredmedia":[{"embeddable":true,"href":"https:\/\/encuentroinformativo.com.mx\/index.php?rest_route=\/wp\/v2\/media\/35412"}],"wp:attachment":[{"href":"https:\/\/encuentroinformativo.com.mx\/index.php?rest_route=%2Fwp%2Fv2%2Fmedia&parent=35411"}],"wp:term":[{"taxonomy":"category","embeddable":true,"href":"https:\/\/encuentroinformativo.com.mx\/index.php?rest_route=%2Fwp%2Fv2%2Fcategories&post=35411"},{"taxonomy":"post_tag","embeddable":true,"href":"https:\/\/encuentroinformativo.com.mx\/index.php?rest_route=%2Fwp%2Fv2%2Ftags&post=35411"}],"curies":[{"name":"wp","href":"https:\/\/api.w.org\/{rel}","templated":true}]}}