{"id":35421,"date":"2023-01-13T12:11:18","date_gmt":"2023-01-13T18:11:18","guid":{"rendered":"https:\/\/encuentroinformativo.com.mx\/?p=35421"},"modified":"2023-01-13T12:11:22","modified_gmt":"2023-01-13T18:11:22","slug":"capturan-a-el-hugo-presunto-jefe-de-organizacion-en-alvarado","status":"publish","type":"post","link":"https:\/\/encuentroinformativo.com.mx\/?p=35421","title":{"rendered":"Capturan a &#8220;El Hugo&#8221; presunto jefe de organizaci\u00f3n en Alvarado"},"content":{"rendered":"\n<p><strong>Alejandro \u00c1vila<\/strong><\/p>\n\n\n\n<p>Alvarado, Ver.- Intensa movilizaci\u00f3n policial se dio la ma\u00f1ana de este viernes 13 de enero en la cabecera municipal de Alvarado, d\u00f3nde elementos de la Fuerza Civil montaron un operativo para detener a &#8220;El Hugo&#8221; presunto jefe de plaza en el municipio.<\/p>\n\n\n\n<p>Elementos de la Fuerza Civil de Veracruz, Polic\u00eda Estatal y Secretar\u00eda de Marina montaron un operativo en la colonia Las Aneas de la cabecera municipal, para detener a &#8220;El Hugo&#8221;, presunto Jefe de Plaza de Alvarado; posteriormente se inici\u00f3 una persecuci\u00f3n a un autom\u00f3vil Mazda color Rojo que fue detenido en la colonia 21 de abril.<\/p>\n\n\n\n<p>Seg\u00fan se menciona en varios audios de <em>WhatsApp<\/em> enviados por los pobladores Alvarado, durante el enfrentamiento armado hubo una persona fallecida, as\u00ed como 3 heridos, entre los cuales destaca &#8220;El Hugo&#8221;.<\/p>\n\n\n\n<p>Elementos de la Guardia Nacional llegaron al apoyo y y se encuentra montando un blindaje a la cabecera municipal, desde la caseta de cobro en la entrada sur, hasta la entrada norte a la altura del Cetmar 01 de Alvarado.<\/p>\n\n\n\n<p>Desde hace d\u00edas los rumores en el municipio de Alvarado es que hab\u00eda regresado a la ciudad &#8220;El Gordo Fran&#8221;, qui\u00e9n buscaba recuperar el dominio en la zona.<\/p>\n","protected":false},"excerpt":{"rendered":"<p>Alejandro \u00c1vila Alvarado, Ver.- Intensa movilizaci\u00f3n policial se dio la ma\u00f1ana de este viernes 13 de enero en la cabecera municipal de Alvarado, d\u00f3nde elementos de la Fuerza Civil montaron un operativo para detener a &#8220;El Hugo&#8221; presunto jefe de plaza en el municipio. Elementos de la Fuerza Civil de Veracruz, Polic\u00eda Estatal y Secretar\u00eda [&hellip;]<\/p>\n","protected":false},"author":2476,"featured_media":35422,"comment_status":"open","ping_status":"open","sticky":false,"template":"","format":"standard","meta":{"_jetpack_memberships_contains_paid_content":false,"footnotes":""},"categories":[14],"tags":[],"class_list":["post-35421","post","type-post","status-publish","format-standard","has-post-thumbnail","hentry","category-policiaca"],"jetpack_featured_media_url":"https:\/\/encuentroinformativo.com.mx\/wp-content\/uploads\/2023\/01\/IMG-20230113-WA0038.jpg","jetpack_sharing_enabled":true,"jetpack_likes_enabled":true,"amp_enabled":true,"_links":{"self":[{"href":"https:\/\/encuentroinformativo.com.mx\/index.php?rest_route=\/wp\/v2\/posts\/35421","targetHints":{"allow":["GET"]}}],"collection":[{"href":"https:\/\/encuentroinformativo.com.mx\/index.php?rest_route=\/wp\/v2\/posts"}],"about":[{"href":"https:\/\/encuentroinformativo.com.mx\/index.php?rest_route=\/wp\/v2\/types\/post"}],"author":[{"embeddable":true,"href":"https:\/\/encuentroinformativo.com.mx\/index.php?rest_route=\/wp\/v2\/users\/2476"}],"replies":[{"embeddable":true,"href":"https:\/\/encuentroinformativo.com.mx\/index.php?rest_route=%2Fwp%2Fv2%2Fcomments&post=35421"}],"version-history":[{"count":1,"href":"https:\/\/encuentroinformativo.com.mx\/index.php?rest_route=\/wp\/v2\/posts\/35421\/revisions"}],"predecessor-version":[{"id":35423,"href":"https:\/\/encuentroinformativo.com.mx\/index.php?rest_route=\/wp\/v2\/posts\/35421\/revisions\/35423"}],"wp:featuredmedia":[{"embeddable":true,"href":"https:\/\/encuentroinformativo.com.mx\/index.php?rest_route=\/wp\/v2\/media\/35422"}],"wp:attachment":[{"href":"https:\/\/encuentroinformativo.com.mx\/index.php?rest_route=%2Fwp%2Fv2%2Fmedia&parent=35421"}],"wp:term":[{"taxonomy":"category","embeddable":true,"href":"https:\/\/encuentroinformativo.com.mx\/index.php?rest_route=%2Fwp%2Fv2%2Fcategories&post=35421"},{"taxonomy":"post_tag","embeddable":true,"href":"https:\/\/encuentroinformativo.com.mx\/index.php?rest_route=%2Fwp%2Fv2%2Ftags&post=35421"}],"curies":[{"name":"wp","href":"https:\/\/api.w.org\/{rel}","templated":true}]}}