{"id":35424,"date":"2023-01-13T13:39:18","date_gmt":"2023-01-13T19:39:18","guid":{"rendered":"https:\/\/encuentroinformativo.com.mx\/?p=35424"},"modified":"2023-01-13T13:39:22","modified_gmt":"2023-01-13T19:39:22","slug":"por-falta-de-profesores-toman-telesecundaria-de-coatepec","status":"publish","type":"post","link":"https:\/\/encuentroinformativo.com.mx\/?p=35424","title":{"rendered":"Por falta de profesores, &#8216;toman&#8217; Telesecundaria de Coatepec"},"content":{"rendered":"\n<p><strong>Juan Arcos <\/strong><\/p>\n\n\n\n<p>Coatepec, Ver.- Estudiantes y padres de familia tomaron la escuela telesecundaria \u201cAdolfo Ruiz Cortines\u201d, en la localidad Vaquer\u00eda, por la falta de dos profesores.<\/p>\n\n\n\n<p>Las personas denunciaron que los alumnos de primero y segundo grado carecen de docentes desde el inicio de este ciclo escolar 2022-2023.<\/p>\n\n\n\n<p>Una mam\u00e1 denunci\u00f3 an\u00f3nimamente que los estudiantes llevan una semana sin clases, debido a que desde el ciclo pasado los profesores pidieron permisos sin goce de sueldo, quedando sin suplentes y sin notificar a la asociaci\u00f3n de padres de familia.<\/p>\n\n\n\n<p>Desde entonces se ha realizado una serie de protestas y despu\u00e9s de eso fueron nombradas dos profesoras interinas que estuvieron frente a grupo de septiembre a diciembre pasado.<br>Sin embargo, no han sido recontratadas y por ese motivo los alumnos se quedaron sin sus clases correspondientes.<\/p>\n\n\n\n<p>Las personas pidieron a las autoridades de la Secretar\u00eda de Educaci\u00f3n de Veracruz (SEV) que nombre a los docentes para evitar una mayor afectaci\u00f3n a los alumnos.<\/p>\n\n\n\n<p>Indicaron que la pandemia del Sars-Cov2 (Covid-19) y el aislamiento ocasionaron un rezago educativo, por lo que en este momento resulta a\u00fan m\u00e1s perjudicial que haya carencias en materia de recursos humanos en las escuelas.<\/p>\n\n\n\n<p>Las mam\u00e1s, pap\u00e1s y los estudiantes amagaron con tomar nuevamente las instalaciones de la escuela telesecundaria \u201cAdolfo Ruiz Cortines\u201d, en caso de que no sean atendidas sus demandas.<\/p>\n\n\n\n<figure class=\"wp-block-image size-large\"><img loading=\"lazy\" decoding=\"async\" width=\"1024\" height=\"768\" src=\"https:\/\/encuentroinformativo.com.mx\/wp-content\/uploads\/2023\/01\/1f853942-84b7-4dac-bb01-ace50f9efb57-1024x768.jpg\" alt=\"\" class=\"wp-image-35426\" srcset=\"https:\/\/encuentroinformativo.com.mx\/wp-content\/uploads\/2023\/01\/1f853942-84b7-4dac-bb01-ace50f9efb57-1024x768.jpg 1024w, https:\/\/encuentroinformativo.com.mx\/wp-content\/uploads\/2023\/01\/1f853942-84b7-4dac-bb01-ace50f9efb57-300x225.jpg 300w, https:\/\/encuentroinformativo.com.mx\/wp-content\/uploads\/2023\/01\/1f853942-84b7-4dac-bb01-ace50f9efb57-768x576.jpg 768w, https:\/\/encuentroinformativo.com.mx\/wp-content\/uploads\/2023\/01\/1f853942-84b7-4dac-bb01-ace50f9efb57.jpg 1280w\" sizes=\"auto, (max-width: 1024px) 100vw, 1024px\" \/><\/figure>\n","protected":false},"excerpt":{"rendered":"<p>Juan Arcos Coatepec, Ver.- Estudiantes y padres de familia tomaron la escuela telesecundaria \u201cAdolfo Ruiz Cortines\u201d, en la localidad Vaquer\u00eda, por la falta de dos profesores. Las personas denunciaron que los alumnos de primero y segundo grado carecen de docentes desde el inicio de este ciclo escolar 2022-2023. Una mam\u00e1 denunci\u00f3 an\u00f3nimamente que los estudiantes [&hellip;]<\/p>\n","protected":false},"author":2476,"featured_media":35425,"comment_status":"open","ping_status":"open","sticky":false,"template":"","format":"standard","meta":{"_jetpack_memberships_contains_paid_content":false,"footnotes":""},"categories":[8],"tags":[],"class_list":["post-35424","post","type-post","status-publish","format-standard","has-post-thumbnail","hentry","category-region"],"jetpack_featured_media_url":"https:\/\/encuentroinformativo.com.mx\/wp-content\/uploads\/2023\/01\/aef17aaa-253f-412c-af70-835c85b9c98a.jpg","jetpack_sharing_enabled":true,"jetpack_likes_enabled":true,"amp_enabled":true,"_links":{"self":[{"href":"https:\/\/encuentroinformativo.com.mx\/index.php?rest_route=\/wp\/v2\/posts\/35424","targetHints":{"allow":["GET"]}}],"collection":[{"href":"https:\/\/encuentroinformativo.com.mx\/index.php?rest_route=\/wp\/v2\/posts"}],"about":[{"href":"https:\/\/encuentroinformativo.com.mx\/index.php?rest_route=\/wp\/v2\/types\/post"}],"author":[{"embeddable":true,"href":"https:\/\/encuentroinformativo.com.mx\/index.php?rest_route=\/wp\/v2\/users\/2476"}],"replies":[{"embeddable":true,"href":"https:\/\/encuentroinformativo.com.mx\/index.php?rest_route=%2Fwp%2Fv2%2Fcomments&post=35424"}],"version-history":[{"count":1,"href":"https:\/\/encuentroinformativo.com.mx\/index.php?rest_route=\/wp\/v2\/posts\/35424\/revisions"}],"predecessor-version":[{"id":35427,"href":"https:\/\/encuentroinformativo.com.mx\/index.php?rest_route=\/wp\/v2\/posts\/35424\/revisions\/35427"}],"wp:featuredmedia":[{"embeddable":true,"href":"https:\/\/encuentroinformativo.com.mx\/index.php?rest_route=\/wp\/v2\/media\/35425"}],"wp:attachment":[{"href":"https:\/\/encuentroinformativo.com.mx\/index.php?rest_route=%2Fwp%2Fv2%2Fmedia&parent=35424"}],"wp:term":[{"taxonomy":"category","embeddable":true,"href":"https:\/\/encuentroinformativo.com.mx\/index.php?rest_route=%2Fwp%2Fv2%2Fcategories&post=35424"},{"taxonomy":"post_tag","embeddable":true,"href":"https:\/\/encuentroinformativo.com.mx\/index.php?rest_route=%2Fwp%2Fv2%2Ftags&post=35424"}],"curies":[{"name":"wp","href":"https:\/\/api.w.org\/{rel}","templated":true}]}}