{"id":35431,"date":"2023-01-13T14:05:59","date_gmt":"2023-01-13T20:05:59","guid":{"rendered":"https:\/\/encuentroinformativo.com.mx\/?p=35431"},"modified":"2023-01-13T14:06:02","modified_gmt":"2023-01-13T20:06:02","slug":"niega-alcalde-de-teocelo-amenazas-a-manifestantes-que-bloquearon-carretera","status":"publish","type":"post","link":"https:\/\/encuentroinformativo.com.mx\/?p=35431","title":{"rendered":"Niega alcalde de Teocelo amenazas a manifestantes que bloquearon carretera"},"content":{"rendered":"\n<p><strong>Dar\u00edo Pale <\/strong><\/p>\n\n\n\n<p>Xalapa, Ver.- El presidente municipal de Teocelo Isaac Alberto Anell Reyes, dio a conocer que se reuni\u00f3 con los padres de familia que se manifestaron en la salida del municipio y afirm\u00f3 que nadie los amenazo con retirarlos por bloquear la carretera Teocelo-Coatepec.<\/p>\n\n\n\n<p>En conferencia de prensa se\u00f1al\u00f3 que la manifestaci\u00f3n inici\u00f3 alrededor de las 06:15 horas la ma\u00f1ana de este viernes ya hay una comisi\u00f3n de los pap\u00e1s en la Secretar\u00eda de Educaci\u00f3n para tratar de llegar a un acuerdo.<\/p>\n\n\n\n<p>&#8220;Ni la Polic\u00eda Municipal ni ninguna otra corporaci\u00f3n los lleg\u00f3 a amenazar, simplemente como hacen rondines, los elementos de la Polic\u00eda Estatal, pasaron y pidieron el paso para hacer sus rondines&#8221;, expuso.<\/p>\n\n\n\n<p>Ante el cuestionamiento de que los padres fueron quienes denunciaron amenazas ante los medios de comunicaci\u00f3n, el edil sostuvo que eso no fue as\u00ed.<\/p>\n\n\n\n<p>&#8220;Yo estaba ah\u00ed cuando lleg\u00f3 el Delegado y ellos informaron que estaban ah\u00ed para resguardar a las personas&#8221;, se\u00f1al\u00f3.<\/p>\n\n\n\n<p>&#8220;Pero para evitar precisamente alg\u00fan conflicto es que estaba la polic\u00eda ah\u00ed. No tengo entendido que hubiese alg\u00fan tipo de amenazas, sino era para resguardar a las personas que caminan&#8221;, agreg\u00f3.<\/p>\n\n\n\n<p>El Alcalde explic\u00f3 que la falta de docentes en la escuela primaria federal &#8220;Benito Ju\u00e1rez&#8221;, es porque dos profesores se jubilaron en el mes de octubre del a\u00f1o pasado y no se han logrado cubrir esas dos vacantes.<\/p>\n\n\n\n<p>Anell Reyes indic\u00f3 que hac\u00eda el medio d\u00eda de este viernes segu\u00edan bloqueando la v\u00eda de comunicaci\u00f3n, s\u00f3lo permiten el paso de enfermos y adultos mayores que tienen que cobrar su pensi\u00f3n.<\/p>\n\n\n\n<p>Reconoci\u00f3 que el bloqueo s\u00ed genera una afectaci\u00f3n porque tardan mucho m\u00e1s las personas a sus destinos laborales, aunque otros se desv\u00edan por el municipio de Xico, entrando por la localidad de El Zapote.<\/p>\n\n\n\n<p>Finalmente despu\u00e9s de firmar una minuta con personal de la SEV y llegar a un acuerdo aproximadamente a las 12:30 horas levantaron el plant\u00f3n y se normaliz\u00f3 la circulaci\u00f3n.<\/p>\n","protected":false},"excerpt":{"rendered":"<p>Dar\u00edo Pale Xalapa, Ver.- El presidente municipal de Teocelo Isaac Alberto Anell Reyes, dio a conocer que se reuni\u00f3 con los padres de familia que se manifestaron en la salida del municipio y afirm\u00f3 que nadie los amenazo con retirarlos por bloquear la carretera Teocelo-Coatepec. En conferencia de prensa se\u00f1al\u00f3 que la manifestaci\u00f3n inici\u00f3 alrededor [&hellip;]<\/p>\n","protected":false},"author":2476,"featured_media":35432,"comment_status":"open","ping_status":"open","sticky":false,"template":"","format":"standard","meta":{"_jetpack_memberships_contains_paid_content":false,"footnotes":""},"categories":[8],"tags":[],"class_list":["post-35431","post","type-post","status-publish","format-standard","has-post-thumbnail","hentry","category-region"],"jetpack_featured_media_url":"https:\/\/encuentroinformativo.com.mx\/wp-content\/uploads\/2023\/01\/IMG-20230113-WA00652.jpg","jetpack_sharing_enabled":true,"jetpack_likes_enabled":true,"amp_enabled":true,"_links":{"self":[{"href":"https:\/\/encuentroinformativo.com.mx\/index.php?rest_route=\/wp\/v2\/posts\/35431","targetHints":{"allow":["GET"]}}],"collection":[{"href":"https:\/\/encuentroinformativo.com.mx\/index.php?rest_route=\/wp\/v2\/posts"}],"about":[{"href":"https:\/\/encuentroinformativo.com.mx\/index.php?rest_route=\/wp\/v2\/types\/post"}],"author":[{"embeddable":true,"href":"https:\/\/encuentroinformativo.com.mx\/index.php?rest_route=\/wp\/v2\/users\/2476"}],"replies":[{"embeddable":true,"href":"https:\/\/encuentroinformativo.com.mx\/index.php?rest_route=%2Fwp%2Fv2%2Fcomments&post=35431"}],"version-history":[{"count":1,"href":"https:\/\/encuentroinformativo.com.mx\/index.php?rest_route=\/wp\/v2\/posts\/35431\/revisions"}],"predecessor-version":[{"id":35433,"href":"https:\/\/encuentroinformativo.com.mx\/index.php?rest_route=\/wp\/v2\/posts\/35431\/revisions\/35433"}],"wp:featuredmedia":[{"embeddable":true,"href":"https:\/\/encuentroinformativo.com.mx\/index.php?rest_route=\/wp\/v2\/media\/35432"}],"wp:attachment":[{"href":"https:\/\/encuentroinformativo.com.mx\/index.php?rest_route=%2Fwp%2Fv2%2Fmedia&parent=35431"}],"wp:term":[{"taxonomy":"category","embeddable":true,"href":"https:\/\/encuentroinformativo.com.mx\/index.php?rest_route=%2Fwp%2Fv2%2Fcategories&post=35431"},{"taxonomy":"post_tag","embeddable":true,"href":"https:\/\/encuentroinformativo.com.mx\/index.php?rest_route=%2Fwp%2Fv2%2Ftags&post=35431"}],"curies":[{"name":"wp","href":"https:\/\/api.w.org\/{rel}","templated":true}]}}