{"id":35434,"date":"2023-01-13T14:10:26","date_gmt":"2023-01-13T20:10:26","guid":{"rendered":"https:\/\/encuentroinformativo.com.mx\/?p=35434"},"modified":"2023-01-13T14:10:30","modified_gmt":"2023-01-13T20:10:30","slug":"carambola-frente-a-plaza-comercial-dejo-lesionados","status":"publish","type":"post","link":"https:\/\/encuentroinformativo.com.mx\/?p=35434","title":{"rendered":"Carambola frente a plaza comercial dej\u00f3 lesionados"},"content":{"rendered":"\n<p><strong>Dar\u00edo Pale <\/strong><\/p>\n\n\n\n<p>Xalapa, Ver.- Se registr\u00f3 una carambola en la avenida L\u00e1zaro C\u00e1rdenas a la altura de la plaza Comercial Am\u00e9ricas donde se vieron involucrados 9 veh\u00edculos y varias personas result\u00f3 lesionada.<\/p>\n\n\n\n<p>Al parecer ser\u00eda la falta de precauci\u00f3n lo que habr\u00eda generado los accidentes, as\u00ed como por conducir a exceso de velocidad en los tramos donde se agiliza un poco la circulaci\u00f3n vehicular.<\/p>\n\n\n\n<p>Algunas de las unidades quedaron severamente da\u00f1adas, por lo que varias personas resultaron lesionadas, incluso algunos requirieron el traslado de los cuerpos de rescate que llegaron al lugar.<br>Debido a la carambola, los dos carriles de circulaci\u00f3n se interrumpieron por algunos momentos y los da\u00f1os materiales se estiman, ser\u00edan \u00a0cuantiosos.<\/p>\n\n\n\n<p>Los choques se registraron poco despu\u00e9s de las 10:30 de la ma\u00f1ana y poco antes de las 11:00 horas, algunas unidades trasladaron pacientes a la cl\u00ednica 11 del IMSS.<\/p>\n\n\n\n<figure class=\"wp-block-image size-large\"><img loading=\"lazy\" decoding=\"async\" width=\"576\" height=\"1024\" src=\"https:\/\/encuentroinformativo.com.mx\/wp-content\/uploads\/2023\/01\/IMG-20230113-WA0051-576x1024.jpg\" alt=\"\" class=\"wp-image-35436\" srcset=\"https:\/\/encuentroinformativo.com.mx\/wp-content\/uploads\/2023\/01\/IMG-20230113-WA0051-576x1024.jpg 576w, https:\/\/encuentroinformativo.com.mx\/wp-content\/uploads\/2023\/01\/IMG-20230113-WA0051-169x300.jpg 169w, https:\/\/encuentroinformativo.com.mx\/wp-content\/uploads\/2023\/01\/IMG-20230113-WA0051.jpg 720w\" sizes=\"auto, (max-width: 576px) 100vw, 576px\" \/><\/figure>\n\n\n\n<figure class=\"wp-block-image size-large\"><img loading=\"lazy\" decoding=\"async\" width=\"687\" height=\"465\" src=\"https:\/\/encuentroinformativo.com.mx\/wp-content\/uploads\/2023\/01\/IMG-20230113-WA0049.jpg\" alt=\"\" class=\"wp-image-35437\" srcset=\"https:\/\/encuentroinformativo.com.mx\/wp-content\/uploads\/2023\/01\/IMG-20230113-WA0049.jpg 687w, https:\/\/encuentroinformativo.com.mx\/wp-content\/uploads\/2023\/01\/IMG-20230113-WA0049-300x203.jpg 300w\" sizes=\"auto, (max-width: 687px) 100vw, 687px\" \/><\/figure>\n","protected":false},"excerpt":{"rendered":"<p>Dar\u00edo Pale Xalapa, Ver.- Se registr\u00f3 una carambola en la avenida L\u00e1zaro C\u00e1rdenas a la altura de la plaza Comercial Am\u00e9ricas donde se vieron involucrados 9 veh\u00edculos y varias personas result\u00f3 lesionada. Al parecer ser\u00eda la falta de precauci\u00f3n lo que habr\u00eda generado los accidentes, as\u00ed como por conducir a exceso de velocidad en los [&hellip;]<\/p>\n","protected":false},"author":2476,"featured_media":35435,"comment_status":"open","ping_status":"open","sticky":false,"template":"","format":"standard","meta":{"_jetpack_memberships_contains_paid_content":false,"footnotes":""},"categories":[3],"tags":[],"class_list":["post-35434","post","type-post","status-publish","format-standard","has-post-thumbnail","hentry","category-xalapa"],"jetpack_featured_media_url":"https:\/\/encuentroinformativo.com.mx\/wp-content\/uploads\/2023\/01\/IMG-20230113-WA0050.jpg","jetpack_sharing_enabled":true,"jetpack_likes_enabled":true,"amp_enabled":true,"_links":{"self":[{"href":"https:\/\/encuentroinformativo.com.mx\/index.php?rest_route=\/wp\/v2\/posts\/35434","targetHints":{"allow":["GET"]}}],"collection":[{"href":"https:\/\/encuentroinformativo.com.mx\/index.php?rest_route=\/wp\/v2\/posts"}],"about":[{"href":"https:\/\/encuentroinformativo.com.mx\/index.php?rest_route=\/wp\/v2\/types\/post"}],"author":[{"embeddable":true,"href":"https:\/\/encuentroinformativo.com.mx\/index.php?rest_route=\/wp\/v2\/users\/2476"}],"replies":[{"embeddable":true,"href":"https:\/\/encuentroinformativo.com.mx\/index.php?rest_route=%2Fwp%2Fv2%2Fcomments&post=35434"}],"version-history":[{"count":1,"href":"https:\/\/encuentroinformativo.com.mx\/index.php?rest_route=\/wp\/v2\/posts\/35434\/revisions"}],"predecessor-version":[{"id":35438,"href":"https:\/\/encuentroinformativo.com.mx\/index.php?rest_route=\/wp\/v2\/posts\/35434\/revisions\/35438"}],"wp:featuredmedia":[{"embeddable":true,"href":"https:\/\/encuentroinformativo.com.mx\/index.php?rest_route=\/wp\/v2\/media\/35435"}],"wp:attachment":[{"href":"https:\/\/encuentroinformativo.com.mx\/index.php?rest_route=%2Fwp%2Fv2%2Fmedia&parent=35434"}],"wp:term":[{"taxonomy":"category","embeddable":true,"href":"https:\/\/encuentroinformativo.com.mx\/index.php?rest_route=%2Fwp%2Fv2%2Fcategories&post=35434"},{"taxonomy":"post_tag","embeddable":true,"href":"https:\/\/encuentroinformativo.com.mx\/index.php?rest_route=%2Fwp%2Fv2%2Ftags&post=35434"}],"curies":[{"name":"wp","href":"https:\/\/api.w.org\/{rel}","templated":true}]}}