{"id":35442,"date":"2023-01-13T14:47:46","date_gmt":"2023-01-13T20:47:46","guid":{"rendered":"https:\/\/encuentroinformativo.com.mx\/?p=35442"},"modified":"2023-01-13T14:47:50","modified_gmt":"2023-01-13T20:47:50","slug":"confirma-gobernador-detencion-de-el-hugo","status":"publish","type":"post","link":"https:\/\/encuentroinformativo.com.mx\/?p=35442","title":{"rendered":"Confirma gobernador detenci\u00f3n de \u201cel Hugo\u201d"},"content":{"rendered":"\n<p><strong>Israel Garc\u00eda<\/strong><\/p>\n\n\n\n<p>Xalapa, Ver.- El gobernador Cuitl\u00e1huac Garc\u00eda Jim\u00e9nez confirm\u00f3 la detenci\u00f3n de \u201cEl Hugo\u201d presunto jefe de plaza en el municipio de Alvarado.<\/p>\n\n\n\n<p>Entrevistado en conocido caf\u00e9, el ejecutivo estatal se\u00f1al\u00f3 que la detenci\u00f3n obedece a un operativo en el cual ya ven\u00edan trabajando las autoridades correspondientes.<\/p>\n\n\n\n<p>\u201cSe ten\u00eda un operativo para detener al jefe de plaza, lo cual se logr\u00f3 esta detenido y vamos a ponerlo a disposici\u00f3n\u2026 alias Hugo. Es el jefe de plaza de algunas bandas que estaban ah\u00ed, estamos tras otro que se dio a la fuga desde hace m\u00e1s de un a\u00f1o, hab\u00eda dejado a esta persona y lo detuvimos\u201d.<\/p>\n\n\n\n<p>No vamos a permitir que regresen -precis\u00f3- y vamos a estar muy atentos, para que no se altere la tranquilidad de Alvarado.<br>\u00bfEs una detenci\u00f3n importante?<\/p>\n\n\n\n<p>-S\u00ed, es una detenci\u00f3n importante.<\/p>\n\n\n\n<p>En otro orden de ideas, Garc\u00eda Jim\u00e9nez exhort\u00f3 a la poblaci\u00f3n a resguardarse ante el paso del frente fr\u00edo y las bajas temperaturas que se estar\u00edan presentando, aunque precis\u00f3 que al momento no ha sido necesario activar albergues.<\/p>\n","protected":false},"excerpt":{"rendered":"<p>Israel Garc\u00eda Xalapa, Ver.- El gobernador Cuitl\u00e1huac Garc\u00eda Jim\u00e9nez confirm\u00f3 la detenci\u00f3n de \u201cEl Hugo\u201d presunto jefe de plaza en el municipio de Alvarado. Entrevistado en conocido caf\u00e9, el ejecutivo estatal se\u00f1al\u00f3 que la detenci\u00f3n obedece a un operativo en el cual ya ven\u00edan trabajando las autoridades correspondientes. \u201cSe ten\u00eda un operativo para detener al [&hellip;]<\/p>\n","protected":false},"author":2476,"featured_media":35443,"comment_status":"open","ping_status":"open","sticky":false,"template":"","format":"standard","meta":{"_jetpack_memberships_contains_paid_content":false,"footnotes":""},"categories":[2],"tags":[],"class_list":["post-35442","post","type-post","status-publish","format-standard","has-post-thumbnail","hentry","category-estado"],"jetpack_featured_media_url":"https:\/\/encuentroinformativo.com.mx\/wp-content\/uploads\/2023\/01\/IMG-20230113-WA00702.jpg","jetpack_sharing_enabled":true,"jetpack_likes_enabled":true,"amp_enabled":true,"_links":{"self":[{"href":"https:\/\/encuentroinformativo.com.mx\/index.php?rest_route=\/wp\/v2\/posts\/35442","targetHints":{"allow":["GET"]}}],"collection":[{"href":"https:\/\/encuentroinformativo.com.mx\/index.php?rest_route=\/wp\/v2\/posts"}],"about":[{"href":"https:\/\/encuentroinformativo.com.mx\/index.php?rest_route=\/wp\/v2\/types\/post"}],"author":[{"embeddable":true,"href":"https:\/\/encuentroinformativo.com.mx\/index.php?rest_route=\/wp\/v2\/users\/2476"}],"replies":[{"embeddable":true,"href":"https:\/\/encuentroinformativo.com.mx\/index.php?rest_route=%2Fwp%2Fv2%2Fcomments&post=35442"}],"version-history":[{"count":1,"href":"https:\/\/encuentroinformativo.com.mx\/index.php?rest_route=\/wp\/v2\/posts\/35442\/revisions"}],"predecessor-version":[{"id":35444,"href":"https:\/\/encuentroinformativo.com.mx\/index.php?rest_route=\/wp\/v2\/posts\/35442\/revisions\/35444"}],"wp:featuredmedia":[{"embeddable":true,"href":"https:\/\/encuentroinformativo.com.mx\/index.php?rest_route=\/wp\/v2\/media\/35443"}],"wp:attachment":[{"href":"https:\/\/encuentroinformativo.com.mx\/index.php?rest_route=%2Fwp%2Fv2%2Fmedia&parent=35442"}],"wp:term":[{"taxonomy":"category","embeddable":true,"href":"https:\/\/encuentroinformativo.com.mx\/index.php?rest_route=%2Fwp%2Fv2%2Fcategories&post=35442"},{"taxonomy":"post_tag","embeddable":true,"href":"https:\/\/encuentroinformativo.com.mx\/index.php?rest_route=%2Fwp%2Fv2%2Ftags&post=35442"}],"curies":[{"name":"wp","href":"https:\/\/api.w.org\/{rel}","templated":true}]}}