{"id":35448,"date":"2023-01-13T16:39:12","date_gmt":"2023-01-13T22:39:12","guid":{"rendered":"https:\/\/encuentroinformativo.com.mx\/?p=35448"},"modified":"2023-01-13T16:39:17","modified_gmt":"2023-01-13T22:39:17","slug":"mi-respaldo-es-a-los-tres-aspirantes-cuitlahuac-garcia","status":"publish","type":"post","link":"https:\/\/encuentroinformativo.com.mx\/?p=35448","title":{"rendered":"Mi respaldo es a los tres aspirantes: Cuitl\u00e1huac Garc\u00eda"},"content":{"rendered":"\n<p><strong>Dar\u00edo Pale <\/strong><\/p>\n\n\n\n<p>Xalapa, Ver.- Tengo mi &#8220;corazoncito&#8221;, mi respaldo es para Claudia, Ad\u00e1n Augusto y Marcelo, para el o la candidata a que suceda a Andr\u00e9s Manuel L\u00f3pez Obrador en la presidencia de la Rep\u00fablica, pero su respaldo es para tres, as\u00ed lo se\u00f1al\u00f3 el gobernador Cuitl\u00e1huac Garc\u00eda Jim\u00e9nez.<\/p>\n\n\n\n<p>En entrevista record\u00f3 que el mismo ejecutivo federal es el que ha dicho abiertamente qui\u00e9nes son los que aspiran a gobernar el pa\u00eds.<\/p>\n\n\n\n<p>&#8220;\u00c9l mismo se ha encargado de dar a conocer los nombres de los presidenciables del Movimiento, que es lo que nosotros podr\u00edamos discutir y hablar, los que pertenecemos al Movimiento&#8221;, se\u00f1al\u00f3.<\/p>\n\n\n\n<p>&#8220;Lo que \u00e9l ha mencionado es que al frente al menos, hay tres personas interesadas y lo hemos visto. Ad\u00e1n Augusto es uno de ellos, Claudia Sheinbaum y Marcelo Ebrard&#8221;, agreg\u00f3.<\/p>\n\n\n\n<p>Cuestionado entonces de cu\u00e1l es su favorito o favorita, respondi\u00f3 que s\u00ed tiene su &#8220;corazoncito&#8221;, pero le toc\u00f3 el papel de gobernar Veracruz y por lo tanto, tiene que mantenerse en su papel, de manera imparcial.<\/p>\n\n\n\n<p>Por lo tanto, cada vez que alguno de ellos venga a Veracruz tendr\u00e1 que acompa\u00f1arlos cuando se lo permitan, &#8220;inclu\u00edda Claudia Sheinbaum&#8221;.<\/p>\n\n\n\n<p>Expres\u00f3 que son personas que representan muy bien al Movimiento, que son leales al Presidente y est\u00e1n en la ruta de la Cuarta Transformaci\u00f3n, por lo tanto tienen su respaldo esos tres.<\/p>\n\n\n\n<p>&#8220;Y en esa tesitura debo conservar mi opini\u00f3n p\u00fablica, porque debemos inaugurar esta \u00e9poca en la que ya no se act\u00faa y se utilizan los gobiernos de los estados para favorecer a uno solo&#8221;, coment\u00f3.<\/p>\n\n\n\n<p>Por \u00faltimo recalc\u00f3 que en Veracruz siempre ser\u00e1n bienvenidos el secretario de Gobernaci\u00f3n, Ad\u00e1n Augusto L\u00f3pez, la jefa del Gobierno de la Ciudad de M\u00e9xico, Claudia Sheinbaum y el secretario de Relaciones Exteriores, Marcelo Ebrard.<\/p>\n","protected":false},"excerpt":{"rendered":"<p>Dar\u00edo Pale Xalapa, Ver.- Tengo mi &#8220;corazoncito&#8221;, mi respaldo es para Claudia, Ad\u00e1n Augusto y Marcelo, para el o la candidata a que suceda a Andr\u00e9s Manuel L\u00f3pez Obrador en la presidencia de la Rep\u00fablica, pero su respaldo es para tres, as\u00ed lo se\u00f1al\u00f3 el gobernador Cuitl\u00e1huac Garc\u00eda Jim\u00e9nez. En entrevista record\u00f3 que el mismo [&hellip;]<\/p>\n","protected":false},"author":2476,"featured_media":35449,"comment_status":"open","ping_status":"open","sticky":false,"template":"","format":"standard","meta":{"_jetpack_memberships_contains_paid_content":false,"footnotes":""},"categories":[2],"tags":[],"class_list":["post-35448","post","type-post","status-publish","format-standard","has-post-thumbnail","hentry","category-estado"],"jetpack_featured_media_url":"https:\/\/encuentroinformativo.com.mx\/wp-content\/uploads\/2023\/01\/IMG-20230112-WA00712.jpg","jetpack_sharing_enabled":true,"jetpack_likes_enabled":true,"amp_enabled":true,"_links":{"self":[{"href":"https:\/\/encuentroinformativo.com.mx\/index.php?rest_route=\/wp\/v2\/posts\/35448","targetHints":{"allow":["GET"]}}],"collection":[{"href":"https:\/\/encuentroinformativo.com.mx\/index.php?rest_route=\/wp\/v2\/posts"}],"about":[{"href":"https:\/\/encuentroinformativo.com.mx\/index.php?rest_route=\/wp\/v2\/types\/post"}],"author":[{"embeddable":true,"href":"https:\/\/encuentroinformativo.com.mx\/index.php?rest_route=\/wp\/v2\/users\/2476"}],"replies":[{"embeddable":true,"href":"https:\/\/encuentroinformativo.com.mx\/index.php?rest_route=%2Fwp%2Fv2%2Fcomments&post=35448"}],"version-history":[{"count":1,"href":"https:\/\/encuentroinformativo.com.mx\/index.php?rest_route=\/wp\/v2\/posts\/35448\/revisions"}],"predecessor-version":[{"id":35450,"href":"https:\/\/encuentroinformativo.com.mx\/index.php?rest_route=\/wp\/v2\/posts\/35448\/revisions\/35450"}],"wp:featuredmedia":[{"embeddable":true,"href":"https:\/\/encuentroinformativo.com.mx\/index.php?rest_route=\/wp\/v2\/media\/35449"}],"wp:attachment":[{"href":"https:\/\/encuentroinformativo.com.mx\/index.php?rest_route=%2Fwp%2Fv2%2Fmedia&parent=35448"}],"wp:term":[{"taxonomy":"category","embeddable":true,"href":"https:\/\/encuentroinformativo.com.mx\/index.php?rest_route=%2Fwp%2Fv2%2Fcategories&post=35448"},{"taxonomy":"post_tag","embeddable":true,"href":"https:\/\/encuentroinformativo.com.mx\/index.php?rest_route=%2Fwp%2Fv2%2Ftags&post=35448"}],"curies":[{"name":"wp","href":"https:\/\/api.w.org\/{rel}","templated":true}]}}