{"id":35458,"date":"2023-01-14T11:33:34","date_gmt":"2023-01-14T17:33:34","guid":{"rendered":"https:\/\/encuentroinformativo.com.mx\/?p=35458"},"modified":"2023-01-14T11:33:38","modified_gmt":"2023-01-14T17:33:38","slug":"alaciado-peligroso","status":"publish","type":"post","link":"https:\/\/encuentroinformativo.com.mx\/?p=35458","title":{"rendered":"\u00bfALACIADO PELIGROSO?"},"content":{"rendered":"\n<p><strong>N\u00fameros Rojos\u00a0<\/strong><\/p>\n\n\n\n<p><strong>Brenda Caballero<\/strong><\/p>\n\n\n\n<p>Las fiestas decembrinas y el A\u00f1o Nuevo hacen que nuestra vanidad florezca y el cabello es muestra de ello. Las citas en las est\u00e9ticas se abarrotan\u2026 Que el corte, que las luces, que el tinte, que las mechas, que la keratina. Y es de esta \u00faltima de la que hablaremos en esta columna pues las lacias quieren ser chinas y las chinas, lacias. \u00bfPero es seguro lo que nos ponen para tener ese \u201clacio baba\u201d que la mayor\u00eda desea?Basta poner en Facebook o en internet \u201ckeratina\u201d para que nos manden docenas de publicaciones con las diversas especificaciones\u2026 de que si es \u00a0keratina japonesa o brasile\u00f1a, \u00a0la foto del \u201calaciado\u201d y los costos.<\/p>\n\n\n\n<p>Estos \u00faltimos son muy variables, pues van desde los 350 hasta los 900 pesos.\u00b4plica \u00bfEn cu\u00e1nto me sale la kertina para mi cabello? Le pregunto a mi estilista que aplica la secadora en mi cabello. \u201cEn 600 pesos\u201d me dice. Al ver mi intenci\u00f3n de ser tan lacia como Pocahontas, interrumpe mi pensamiento y me aclara que \u201cla keratina no es para tener el cabello lacio.<\/p>\n\n\n\n<p>La keratina es un tratamiento capilar que sirve para nutrir el cabello, repararlo y reestructuralo. El lacio es un resultado, pero no siempre queda as\u00ed como lacio baba. Es m\u00e1s, \u00a1qui\u00e9n sabe que est\u00e1n poniendo ahora al cabello pues es un lacio, tan lacio que no resulta de un procedimiento de keratina! Vamos ahora hacen hasta keratinas caseras.La pl\u00e1tica de sal\u00f3n hubiera sido eso, pl\u00e1tica de sal\u00f3n de belleza sino hubiese sido porque d\u00edas despu\u00e9s, el nefr\u00f3logo Jonathan Ch\u00e1vez en su cuenta de twitter (@JonathanNefro) comparte un art\u00edculo de la American Journal of Kidney Diseases (AJKD) titulado: Productos para lesiones renales agudas y alisado de cabello: serie de casos A, publicado apenas el 4 de enero de 2023.<\/p>\n\n\n\n<p>El art\u00edculo se puede leer en el link \u00a0<a rel=\"noreferrer noopener\" href=\"https:\/\/www.ajkd.org\/article\/S0272-6386(23)00006-9\/fulltext\" target=\"_blank\">https:\/\/www.ajkd.org\/article\/S0272-6386(23)00006-9\/fulltext<\/a>\u00a0y refiere a un estudio realizado en Israel a 26 pacientes de 14 centros m\u00e9dicos en ese pa\u00eds que presentaron problemas de salud informando de un tratamiento previo con productos para alisar el cabello entre los a\u00f1os 2019 y 2022.Los 26 pacientes con un promedio de edad de 28 a\u00f1os despu\u00e9s de su tratamiento de alisado tuvieron n\u00e1useas, v\u00f3mitos y dolor abdominal.<\/p>\n\n\n\n<p>Adem\u00e1s se observ\u00f3 erupci\u00f3n en el cuero cabelludo en 10 pacientes. Siete pacientes se sometieron a biopsias renales, mientras que 3 pacientes necesitaron di\u00e1lisis temporal.El art\u00edculo menciona que en Israel, la keratina contiene derivados del \u00e1cido glic\u00f3lico, producto que consideran seguro cuando se usa t\u00f3picamente.<\/p>\n\n\n\n<p>Sin embargo, el art\u00edculo concluye la relaci\u00f3n de\u00a0casos de lesi\u00f3n renal aguda con exposici\u00f3n previa a tratamientos de alisado del cabello. La nefropat\u00eda aguda de oxalato fue el hallazgo dominante en las biopsias renales, que pueden estar relacionadas con la absorci\u00f3n de derivados del \u00e1cido glic\u00f3lico y su metabolismo en oxalato.<\/p>\n\n\n\n<p>El art\u00edculo termina mencionando que se necesitan m\u00e1s estudios para confirmar esta asociaci\u00f3n y evaluar el alcance de este fen\u00f3meno, as\u00ed como su patog\u00e9nesis.Ojo, esta columna no es para apanicarse ni para satanizar la keratina, sino para hacer conciencia de que los productos qu\u00edmicos que nos ponemos en el cabello o en la piel pueden generar reacciones secundarias en nuestro cuerpo y a su vez desatar alguna enfermedad.<\/p>\n\n\n\n<p>Este art\u00edculo sin duda me puso los pelos de punta al grado de pensar en que despu\u00e9s de todo, tengo el cabello liso\u2026 puedo \u201csobrevivir\u201d sin el \u201clacio baba\u201d.<\/p>\n\n\n\n<p>Twiter: @NumerosRojos_B<\/p>\n\n\n\n<p><a rel=\"noreferrer noopener\" href=\"mailto:caballero_brenda@hotmail.com\" target=\"_blank\">caballero_brenda@hotmail.com<\/a><\/p>\n","protected":false},"excerpt":{"rendered":"<p>N\u00fameros Rojos\u00a0 Brenda Caballero Las fiestas decembrinas y el A\u00f1o Nuevo hacen que nuestra vanidad florezca y el cabello es muestra de ello. Las citas en las est\u00e9ticas se abarrotan\u2026 Que el corte, que las luces, que el tinte, que las mechas, que la keratina. Y es de esta \u00faltima de la que hablaremos en [&hellip;]<\/p>\n","protected":false},"author":2476,"featured_media":387,"comment_status":"open","ping_status":"open","sticky":false,"template":"","format":"standard","meta":{"_jetpack_memberships_contains_paid_content":false,"footnotes":""},"categories":[11],"tags":[],"class_list":["post-35458","post","type-post","status-publish","format-standard","has-post-thumbnail","hentry","category-opinion"],"jetpack_featured_media_url":"https:\/\/encuentroinformativo.com.mx\/wp-content\/uploads\/2020\/03\/7CF8A22B-2764-47BE-8F7F-38FE9E5D6A2F.jpeg","jetpack_sharing_enabled":true,"jetpack_likes_enabled":true,"amp_enabled":true,"_links":{"self":[{"href":"https:\/\/encuentroinformativo.com.mx\/index.php?rest_route=\/wp\/v2\/posts\/35458","targetHints":{"allow":["GET"]}}],"collection":[{"href":"https:\/\/encuentroinformativo.com.mx\/index.php?rest_route=\/wp\/v2\/posts"}],"about":[{"href":"https:\/\/encuentroinformativo.com.mx\/index.php?rest_route=\/wp\/v2\/types\/post"}],"author":[{"embeddable":true,"href":"https:\/\/encuentroinformativo.com.mx\/index.php?rest_route=\/wp\/v2\/users\/2476"}],"replies":[{"embeddable":true,"href":"https:\/\/encuentroinformativo.com.mx\/index.php?rest_route=%2Fwp%2Fv2%2Fcomments&post=35458"}],"version-history":[{"count":1,"href":"https:\/\/encuentroinformativo.com.mx\/index.php?rest_route=\/wp\/v2\/posts\/35458\/revisions"}],"predecessor-version":[{"id":35459,"href":"https:\/\/encuentroinformativo.com.mx\/index.php?rest_route=\/wp\/v2\/posts\/35458\/revisions\/35459"}],"wp:featuredmedia":[{"embeddable":true,"href":"https:\/\/encuentroinformativo.com.mx\/index.php?rest_route=\/wp\/v2\/media\/387"}],"wp:attachment":[{"href":"https:\/\/encuentroinformativo.com.mx\/index.php?rest_route=%2Fwp%2Fv2%2Fmedia&parent=35458"}],"wp:term":[{"taxonomy":"category","embeddable":true,"href":"https:\/\/encuentroinformativo.com.mx\/index.php?rest_route=%2Fwp%2Fv2%2Fcategories&post=35458"},{"taxonomy":"post_tag","embeddable":true,"href":"https:\/\/encuentroinformativo.com.mx\/index.php?rest_route=%2Fwp%2Fv2%2Ftags&post=35458"}],"curies":[{"name":"wp","href":"https:\/\/api.w.org\/{rel}","templated":true}]}}