{"id":35464,"date":"2023-01-14T13:53:59","date_gmt":"2023-01-14T19:53:59","guid":{"rendered":"https:\/\/encuentroinformativo.com.mx\/?p=35464"},"modified":"2023-01-14T13:54:03","modified_gmt":"2023-01-14T19:54:03","slug":"registra-region-de-perote-temperaturas-de-3-grados","status":"publish","type":"post","link":"https:\/\/encuentroinformativo.com.mx\/?p=35464","title":{"rendered":"Registra regi\u00f3n de Perote temperaturas de -3 grados"},"content":{"rendered":"\n<p><strong>Dar\u00edo Pale <\/strong><\/p>\n\n\n\n<p>Xalapa, Ver.- La madrugada de este s\u00e1bado, la regi\u00f3n de Perote amaneci\u00f3 blanca y con temperaturas de -3 grados por la ca\u00edda de agua nieve.<\/p>\n\n\n\n<p>A\u00fan cuando se trat\u00f3 de escarcha, no se descarta la ca\u00edda de nieve en la parte monta\u00f1osa del cofre.<\/p>\n\n\n\n<p>En Totalco y en otras comunidades como El Conejo, se pudo observar la escarcha sobre el pasto y algunos \u00e1rboles.<\/p>\n\n\n\n<p>Las recomendaciones de Protecci\u00f3n Civil de gobierno del estado es la de abrigarse bien y si no existe la necesidad de exponer a los menores de edad y adultos mayores a las bajas temperaturas, permanecer en casa.<\/p>\n\n\n\n<figure class=\"wp-block-image size-large\"><img loading=\"lazy\" decoding=\"async\" width=\"716\" height=\"475\" src=\"https:\/\/encuentroinformativo.com.mx\/wp-content\/uploads\/2023\/01\/IMG-20230114-WA00232.jpg\" alt=\"\" class=\"wp-image-35466\" srcset=\"https:\/\/encuentroinformativo.com.mx\/wp-content\/uploads\/2023\/01\/IMG-20230114-WA00232.jpg 716w, https:\/\/encuentroinformativo.com.mx\/wp-content\/uploads\/2023\/01\/IMG-20230114-WA00232-300x199.jpg 300w\" sizes=\"auto, (max-width: 716px) 100vw, 716px\" \/><\/figure>\n","protected":false},"excerpt":{"rendered":"<p>Dar\u00edo Pale Xalapa, Ver.- La madrugada de este s\u00e1bado, la regi\u00f3n de Perote amaneci\u00f3 blanca y con temperaturas de -3 grados por la ca\u00edda de agua nieve. A\u00fan cuando se trat\u00f3 de escarcha, no se descarta la ca\u00edda de nieve en la parte monta\u00f1osa del cofre. En Totalco y en otras comunidades como El Conejo, [&hellip;]<\/p>\n","protected":false},"author":2476,"featured_media":35465,"comment_status":"open","ping_status":"open","sticky":false,"template":"","format":"standard","meta":{"_jetpack_memberships_contains_paid_content":false,"footnotes":""},"categories":[8],"tags":[],"class_list":["post-35464","post","type-post","status-publish","format-standard","has-post-thumbnail","hentry","category-region"],"jetpack_featured_media_url":"https:\/\/encuentroinformativo.com.mx\/wp-content\/uploads\/2023\/01\/IMG-20230114-WA0027.jpg","jetpack_sharing_enabled":true,"jetpack_likes_enabled":true,"amp_enabled":true,"_links":{"self":[{"href":"https:\/\/encuentroinformativo.com.mx\/index.php?rest_route=\/wp\/v2\/posts\/35464","targetHints":{"allow":["GET"]}}],"collection":[{"href":"https:\/\/encuentroinformativo.com.mx\/index.php?rest_route=\/wp\/v2\/posts"}],"about":[{"href":"https:\/\/encuentroinformativo.com.mx\/index.php?rest_route=\/wp\/v2\/types\/post"}],"author":[{"embeddable":true,"href":"https:\/\/encuentroinformativo.com.mx\/index.php?rest_route=\/wp\/v2\/users\/2476"}],"replies":[{"embeddable":true,"href":"https:\/\/encuentroinformativo.com.mx\/index.php?rest_route=%2Fwp%2Fv2%2Fcomments&post=35464"}],"version-history":[{"count":1,"href":"https:\/\/encuentroinformativo.com.mx\/index.php?rest_route=\/wp\/v2\/posts\/35464\/revisions"}],"predecessor-version":[{"id":35467,"href":"https:\/\/encuentroinformativo.com.mx\/index.php?rest_route=\/wp\/v2\/posts\/35464\/revisions\/35467"}],"wp:featuredmedia":[{"embeddable":true,"href":"https:\/\/encuentroinformativo.com.mx\/index.php?rest_route=\/wp\/v2\/media\/35465"}],"wp:attachment":[{"href":"https:\/\/encuentroinformativo.com.mx\/index.php?rest_route=%2Fwp%2Fv2%2Fmedia&parent=35464"}],"wp:term":[{"taxonomy":"category","embeddable":true,"href":"https:\/\/encuentroinformativo.com.mx\/index.php?rest_route=%2Fwp%2Fv2%2Fcategories&post=35464"},{"taxonomy":"post_tag","embeddable":true,"href":"https:\/\/encuentroinformativo.com.mx\/index.php?rest_route=%2Fwp%2Fv2%2Ftags&post=35464"}],"curies":[{"name":"wp","href":"https:\/\/api.w.org\/{rel}","templated":true}]}}