{"id":35481,"date":"2023-01-15T13:21:17","date_gmt":"2023-01-15T19:21:17","guid":{"rendered":"https:\/\/encuentroinformativo.com.mx\/?p=35481"},"modified":"2023-01-15T13:21:20","modified_gmt":"2023-01-15T19:21:20","slug":"en-la-candelaria-ya-tendran-luz-para-festejos-a-la-virgen","status":"publish","type":"post","link":"https:\/\/encuentroinformativo.com.mx\/?p=35481","title":{"rendered":"En La Candelaria ya tendr\u00e1n luz para festejos a la Virgen"},"content":{"rendered":"\n<p><strong>Alejandro \u00c1vila<\/strong><\/p>\n\n\n\n<p>Medell\u00edn de Bravo, Ver.- Ciudadanos de la localidad La Candelaria en el municipio de Medell\u00edn de Bravo ya podr\u00e1n festejar a la virgen el pr\u00f3ximo 4 de Febrero, toda vez que concretaron la energ\u00eda el\u00e9ctrica.<\/p>\n\n\n\n<p>S\u00ed bien los festejos en honor a la Virgen de la Candelaria son el d\u00eda 2 de febrero, en esta localidad las actividades se realizan el d\u00eda 4.<\/p>\n\n\n\n<p>&#8220;Es una petici\u00f3n de los ciudadanos de La Candelaria municipio de Medell\u00edn de Bravo, d\u00f3nde ten\u00eda muchos a\u00f1os que su campo estaba en penumbras, el d\u00eda de ayer por la noche se cumpli\u00f3 un sue\u00f1o de los habitantes, tanto j\u00f3venes, como ni\u00f1os, como ciudadanos en general, Qu\u00e9 es un campo deportivo este alumbrado y su parquecito, esto fue posible porque se acercaron a un servidor para hacer mejoras en esta localidad. Como ustedes podr\u00e1n darse cuenta ah\u00ed, ya se empezaron a hacer algunas actividades para que se preparen para el d\u00eda de la fiesta de la Candelaria que va hacer el 4 de febrero&#8221;, explic\u00f3 el diputado local Magdaleno Rosales Torres.<\/p>\n\n\n\n<p>En la localidad de La Candelaria municipio de Medell\u00edn de Bravo los festejos en honor a la Virgen eran matutinos, debido a que no contaban con la energ\u00eda el\u00e9ctrica para realizar actividades nocturnas.<\/p>\n\n\n\n<p>Est\u00e1 ser\u00e1 la primera ocasi\u00f3n que puedan realizar actividades durante todo el d\u00eda.<\/p>\n","protected":false},"excerpt":{"rendered":"<p>Alejandro \u00c1vila Medell\u00edn de Bravo, Ver.- Ciudadanos de la localidad La Candelaria en el municipio de Medell\u00edn de Bravo ya podr\u00e1n festejar a la virgen el pr\u00f3ximo 4 de Febrero, toda vez que concretaron la energ\u00eda el\u00e9ctrica. S\u00ed bien los festejos en honor a la Virgen de la Candelaria son el d\u00eda 2 de febrero, [&hellip;]<\/p>\n","protected":false},"author":2476,"featured_media":35482,"comment_status":"open","ping_status":"open","sticky":false,"template":"","format":"standard","meta":{"_jetpack_memberships_contains_paid_content":false,"footnotes":""},"categories":[2],"tags":[],"class_list":["post-35481","post","type-post","status-publish","format-standard","has-post-thumbnail","hentry","category-estado"],"jetpack_featured_media_url":"https:\/\/encuentroinformativo.com.mx\/wp-content\/uploads\/2023\/01\/IMG-20230115-WA00082.jpg","jetpack_sharing_enabled":true,"jetpack_likes_enabled":true,"amp_enabled":true,"_links":{"self":[{"href":"https:\/\/encuentroinformativo.com.mx\/index.php?rest_route=\/wp\/v2\/posts\/35481","targetHints":{"allow":["GET"]}}],"collection":[{"href":"https:\/\/encuentroinformativo.com.mx\/index.php?rest_route=\/wp\/v2\/posts"}],"about":[{"href":"https:\/\/encuentroinformativo.com.mx\/index.php?rest_route=\/wp\/v2\/types\/post"}],"author":[{"embeddable":true,"href":"https:\/\/encuentroinformativo.com.mx\/index.php?rest_route=\/wp\/v2\/users\/2476"}],"replies":[{"embeddable":true,"href":"https:\/\/encuentroinformativo.com.mx\/index.php?rest_route=%2Fwp%2Fv2%2Fcomments&post=35481"}],"version-history":[{"count":1,"href":"https:\/\/encuentroinformativo.com.mx\/index.php?rest_route=\/wp\/v2\/posts\/35481\/revisions"}],"predecessor-version":[{"id":35483,"href":"https:\/\/encuentroinformativo.com.mx\/index.php?rest_route=\/wp\/v2\/posts\/35481\/revisions\/35483"}],"wp:featuredmedia":[{"embeddable":true,"href":"https:\/\/encuentroinformativo.com.mx\/index.php?rest_route=\/wp\/v2\/media\/35482"}],"wp:attachment":[{"href":"https:\/\/encuentroinformativo.com.mx\/index.php?rest_route=%2Fwp%2Fv2%2Fmedia&parent=35481"}],"wp:term":[{"taxonomy":"category","embeddable":true,"href":"https:\/\/encuentroinformativo.com.mx\/index.php?rest_route=%2Fwp%2Fv2%2Fcategories&post=35481"},{"taxonomy":"post_tag","embeddable":true,"href":"https:\/\/encuentroinformativo.com.mx\/index.php?rest_route=%2Fwp%2Fv2%2Ftags&post=35481"}],"curies":[{"name":"wp","href":"https:\/\/api.w.org\/{rel}","templated":true}]}}