{"id":35487,"date":"2023-01-15T14:56:47","date_gmt":"2023-01-15T20:56:47","guid":{"rendered":"https:\/\/encuentroinformativo.com.mx\/?p=35487"},"modified":"2023-01-15T14:56:52","modified_gmt":"2023-01-15T20:56:52","slug":"procederan-ambientalistas-contra-embalse-de-toros-en-tlacotalpan","status":"publish","type":"post","link":"https:\/\/encuentroinformativo.com.mx\/?p=35487","title":{"rendered":"Proceder\u00e1n ambientalistas contra embalse de toros en Tlacotalpan"},"content":{"rendered":"\n<p><strong>Juan Arcos<\/strong> <\/p>\n\n\n\n<p>Xalapa, Ver.- Animalistas proceder\u00e1n legalmente contra la corrida y embalse de toros que se realizar\u00e1 en el municipio de Tlacotalpan, durante las fiestas de la Virgen de la Candelaria.<\/p>\n\n\n\n<p>De acuerdo con Lourdes Jim\u00e9nez Mora, presidenta de la Coalici\u00f3n de Activistas por los Derechos de los Animales de Veracruz, dicho espect\u00e1culo est\u00e1 prohibido en la entidad y pese a ello autoridades municipales recientemente lo anunciaron.<\/p>\n\n\n\n<p>&#8220;Una vez m\u00e1s Tlacotalpan avisa que va a presentar un espect\u00e1culo agresivo, sangriento, en contra de los animales. Un espect\u00e1culo que est\u00e1 prohibido y cambiando el nombre no quiere decir que esto va a ser permitido. Desafortunadamente las autoridades del ayuntamiento son las primeras en violentar la ley de protecci\u00f3n de los animales\u201d, expres\u00f3.<\/p>\n\n\n\n<p>La defensora de los derechos de los animales repudi\u00f3 que el ayuntamiento de Tlacotalpan haya difundido un desplegado en redes sociales con una \u201crid\u00edcula frase de cuidemos al toro\u201d.<\/p>\n\n\n\n<p>\u201cEso para decir que si alguien lastima al toro van a aplicar multas alt\u00edsimas y que van a meter a la gente a la c\u00e1rcel, cosas que sabemos que no es cierto, que no las van a hacer, que no las pueden hacer, porque es evidente que cuando tienes una turba bajo los efectos del alcohol, de muchas otras sustancias, no es posible controlarla, ya lo vimos el a\u00f1o pasado, los animales fueron maltratados\u201d, indic\u00f3.<\/p>\n\n\n\n<p>El pasado 10 de enero, el alcalde de Tlacotalpan, Luis Medina Aguirre, confirm\u00f3 que habr\u00e1 embalse y corrida de toros durante las fiestas de la Virgen de la Candelaria, programadas del 31 de enero al 9 de febrero.<\/p>\n\n\n\n<p>\u201cSeguiremos haciendo lo que hemos hecho siempre, tratando de meter recursos legales para que en alg\u00fan momento la justicia sea clara, sea justa, cumpla con lo que le toca y el Alcalde enfrente las cosas legales que tenga que enfrentar por tratar de violentar la ley\u201d, sentenci\u00f3 Lourdes Jim\u00e9nez.<\/p>\n","protected":false},"excerpt":{"rendered":"<p>Juan Arcos Xalapa, Ver.- Animalistas proceder\u00e1n legalmente contra la corrida y embalse de toros que se realizar\u00e1 en el municipio de Tlacotalpan, durante las fiestas de la Virgen de la Candelaria. De acuerdo con Lourdes Jim\u00e9nez Mora, presidenta de la Coalici\u00f3n de Activistas por los Derechos de los Animales de Veracruz, dicho espect\u00e1culo est\u00e1 prohibido [&hellip;]<\/p>\n","protected":false},"author":2476,"featured_media":35488,"comment_status":"open","ping_status":"open","sticky":false,"template":"","format":"standard","meta":{"_jetpack_memberships_contains_paid_content":false,"footnotes":""},"categories":[2],"tags":[],"class_list":["post-35487","post","type-post","status-publish","format-standard","has-post-thumbnail","hentry","category-estado"],"jetpack_featured_media_url":"https:\/\/encuentroinformativo.com.mx\/wp-content\/uploads\/2023\/01\/IMG_8987.jpg","jetpack_sharing_enabled":true,"jetpack_likes_enabled":true,"amp_enabled":true,"_links":{"self":[{"href":"https:\/\/encuentroinformativo.com.mx\/index.php?rest_route=\/wp\/v2\/posts\/35487","targetHints":{"allow":["GET"]}}],"collection":[{"href":"https:\/\/encuentroinformativo.com.mx\/index.php?rest_route=\/wp\/v2\/posts"}],"about":[{"href":"https:\/\/encuentroinformativo.com.mx\/index.php?rest_route=\/wp\/v2\/types\/post"}],"author":[{"embeddable":true,"href":"https:\/\/encuentroinformativo.com.mx\/index.php?rest_route=\/wp\/v2\/users\/2476"}],"replies":[{"embeddable":true,"href":"https:\/\/encuentroinformativo.com.mx\/index.php?rest_route=%2Fwp%2Fv2%2Fcomments&post=35487"}],"version-history":[{"count":1,"href":"https:\/\/encuentroinformativo.com.mx\/index.php?rest_route=\/wp\/v2\/posts\/35487\/revisions"}],"predecessor-version":[{"id":35489,"href":"https:\/\/encuentroinformativo.com.mx\/index.php?rest_route=\/wp\/v2\/posts\/35487\/revisions\/35489"}],"wp:featuredmedia":[{"embeddable":true,"href":"https:\/\/encuentroinformativo.com.mx\/index.php?rest_route=\/wp\/v2\/media\/35488"}],"wp:attachment":[{"href":"https:\/\/encuentroinformativo.com.mx\/index.php?rest_route=%2Fwp%2Fv2%2Fmedia&parent=35487"}],"wp:term":[{"taxonomy":"category","embeddable":true,"href":"https:\/\/encuentroinformativo.com.mx\/index.php?rest_route=%2Fwp%2Fv2%2Fcategories&post=35487"},{"taxonomy":"post_tag","embeddable":true,"href":"https:\/\/encuentroinformativo.com.mx\/index.php?rest_route=%2Fwp%2Fv2%2Ftags&post=35487"}],"curies":[{"name":"wp","href":"https:\/\/api.w.org\/{rel}","templated":true}]}}