{"id":35490,"date":"2023-01-15T16:17:20","date_gmt":"2023-01-15T22:17:20","guid":{"rendered":"https:\/\/encuentroinformativo.com.mx\/?p=35490"},"modified":"2023-01-15T16:17:24","modified_gmt":"2023-01-15T22:17:24","slug":"pandemia-incremento-cifras-de-ninos-trabajadores","status":"publish","type":"post","link":"https:\/\/encuentroinformativo.com.mx\/?p=35490","title":{"rendered":"Pandemia increment\u00f3 cifras de ni\u00f1os trabajadores"},"content":{"rendered":"\n<p><strong>Juan Arcos <\/strong><\/p>\n\n\n\n<p>Xalapa, Ver.- Hasta 20 por ciento ha incrementado el n\u00famero de ni\u00f1as, ni\u00f1os y adolescentes que trabajan en situaci\u00f3n de calle, en colonias de la ciudad de Xalapa.<\/p>\n\n\n\n<p>De acuerdo con la directora del Movimiento de Apoyo a Ni\u00f1os Trabajadores en Situaci\u00f3n de Calle (Matraca), Erika Antonio Blanco, esto se dio a ra\u00edz de la pandemia por Sars-Cov2 (Covid-19).<\/p>\n\n\n\n<p>Los menores casi siempre est\u00e1n acompa\u00f1ados de sus familiares; sin embargo, contin\u00faan enfrent\u00e1ndose a situaciones de riesgo.<\/p>\n\n\n\n<p>En Matraca actualmente atienden a cerca de 530 ni\u00f1os, ni\u00f1as y adolescentes, cuya edad va de los cinco a los 18 a\u00f1os.<\/p>\n\n\n\n<p>Debido a que cada vez hay m\u00e1s ni\u00f1os trabajadores en situaci\u00f3n de calle, esto se ha dado con m\u00e1s frecuencia en los tianguis o mercados ambulantes.<\/p>\n\n\n\n<p><strong>&#8220;S\u00ed ha aumentado la situaci\u00f3n de ni\u00f1os, ni\u00f1as y adolescentes en riesgo, pero tambi\u00e9n hemos aumentado la presencia en las colonias&#8221;.<\/strong><\/p>\n\n\n\n<p>Actualmente tenemos contactos en seis colonias de la periferia de Xalapa, entonces vienen de todas las colonias y nos gusta hacerlo en Matraca\u201d, refiri\u00f3.<\/p>\n\n\n\n<p>Lo anterior se ha detectado en las colonias Plan de Ayala, Luis Donaldo Colosio, Miguel Alem\u00e1n y Seis de Enero.<\/p>\n\n\n\n<p>La Directora pidi\u00f3 a las autoridades pol\u00edticas p\u00fablicas para atender la situaci\u00f3n de los ni\u00f1os trabajadores de calle, con el objetivo de que mejore su calidad de vida.<\/p>\n","protected":false},"excerpt":{"rendered":"<p>Juan Arcos Xalapa, Ver.- Hasta 20 por ciento ha incrementado el n\u00famero de ni\u00f1as, ni\u00f1os y adolescentes que trabajan en situaci\u00f3n de calle, en colonias de la ciudad de Xalapa. De acuerdo con la directora del Movimiento de Apoyo a Ni\u00f1os Trabajadores en Situaci\u00f3n de Calle (Matraca), Erika Antonio Blanco, esto se dio a ra\u00edz [&hellip;]<\/p>\n","protected":false},"author":2476,"featured_media":35491,"comment_status":"open","ping_status":"open","sticky":false,"template":"","format":"standard","meta":{"_jetpack_memberships_contains_paid_content":false,"footnotes":""},"categories":[3],"tags":[],"class_list":["post-35490","post","type-post","status-publish","format-standard","has-post-thumbnail","hentry","category-xalapa"],"jetpack_featured_media_url":"https:\/\/encuentroinformativo.com.mx\/wp-content\/uploads\/2023\/01\/IMG_9206.jpg","jetpack_sharing_enabled":true,"jetpack_likes_enabled":true,"amp_enabled":true,"_links":{"self":[{"href":"https:\/\/encuentroinformativo.com.mx\/index.php?rest_route=\/wp\/v2\/posts\/35490","targetHints":{"allow":["GET"]}}],"collection":[{"href":"https:\/\/encuentroinformativo.com.mx\/index.php?rest_route=\/wp\/v2\/posts"}],"about":[{"href":"https:\/\/encuentroinformativo.com.mx\/index.php?rest_route=\/wp\/v2\/types\/post"}],"author":[{"embeddable":true,"href":"https:\/\/encuentroinformativo.com.mx\/index.php?rest_route=\/wp\/v2\/users\/2476"}],"replies":[{"embeddable":true,"href":"https:\/\/encuentroinformativo.com.mx\/index.php?rest_route=%2Fwp%2Fv2%2Fcomments&post=35490"}],"version-history":[{"count":1,"href":"https:\/\/encuentroinformativo.com.mx\/index.php?rest_route=\/wp\/v2\/posts\/35490\/revisions"}],"predecessor-version":[{"id":35492,"href":"https:\/\/encuentroinformativo.com.mx\/index.php?rest_route=\/wp\/v2\/posts\/35490\/revisions\/35492"}],"wp:featuredmedia":[{"embeddable":true,"href":"https:\/\/encuentroinformativo.com.mx\/index.php?rest_route=\/wp\/v2\/media\/35491"}],"wp:attachment":[{"href":"https:\/\/encuentroinformativo.com.mx\/index.php?rest_route=%2Fwp%2Fv2%2Fmedia&parent=35490"}],"wp:term":[{"taxonomy":"category","embeddable":true,"href":"https:\/\/encuentroinformativo.com.mx\/index.php?rest_route=%2Fwp%2Fv2%2Fcategories&post=35490"},{"taxonomy":"post_tag","embeddable":true,"href":"https:\/\/encuentroinformativo.com.mx\/index.php?rest_route=%2Fwp%2Fv2%2Ftags&post=35490"}],"curies":[{"name":"wp","href":"https:\/\/api.w.org\/{rel}","templated":true}]}}