{"id":35493,"date":"2023-01-15T16:30:59","date_gmt":"2023-01-15T22:30:59","guid":{"rendered":"https:\/\/encuentroinformativo.com.mx\/?p=35493"},"modified":"2023-01-15T16:31:02","modified_gmt":"2023-01-15T22:31:02","slug":"por-deterioro-pierde-hectareas-laguna-de-miradores","status":"publish","type":"post","link":"https:\/\/encuentroinformativo.com.mx\/?p=35493","title":{"rendered":"Por deterioro, pierde hect\u00e1reas Laguna de Miradores"},"content":{"rendered":"\n<p><strong>Juan Arcos <\/strong><\/p>\n\n\n\n<p>Xalapa, Ver.- La laguna de Miradores, que se encuentra en el municipio de Emiliano Zapata, perdi\u00f3 cinco hect\u00e1reas en los \u00faltimos a\u00f1os por su deterioro.<\/p>\n\n\n\n<p>As\u00ed lo dio a conocer el titular de la Procuradur\u00eda Estatal de Medio Ambiente (PMA), Sergio Rodr\u00edguez Cort\u00e9s, quien a\u00f1adi\u00f3 que se iniciaron las labores de mantenimiento.<\/p>\n\n\n\n<p>El cuerpo de agua se encuentra en una zona conurbada con la ciudad de Xalapa, la capital del estado, donde se han emprendido trabajos de rehabilitaci\u00f3n para recuperar el territorio perdido.<\/p>\n\n\n\n<p>El funcionario estatal tambi\u00e9n indic\u00f3 que se tiene el objetivo de evitar que la laguna siga desapareciendo.<\/p>\n\n\n\n<p>\u201cEs una laguna que originalmente ten\u00eda 22 hect\u00e1reas y que se fue reduciendo el espejo de agua hasta llegar a 17&#8243;, expres\u00f3.<\/p>\n\n\n\n<p>Rodr\u00edguez Cort\u00e9s detall\u00f3 que si el agua no alcanza el nivel \u00f3ptimo, comienza a evaporarse.<\/p>\n\n\n\n<p>\u201cEn la \u00e9poca de calor si el agua no tiene el nivel adecuado, se genera un proceso de evaporaci\u00f3n y vamos perdiendo la laguna poco a poco\u201d, a\u00f1adi\u00f3.<\/p>\n\n\n\n<p>La Procuradur\u00eda Estatal de Medio Ambiente aplica recursos econ\u00f3micos propios para proteger la laguna de Miradores, pues se trata de un atractivo tur\u00edstico.<\/p>\n","protected":false},"excerpt":{"rendered":"<p>Juan Arcos Xalapa, Ver.- La laguna de Miradores, que se encuentra en el municipio de Emiliano Zapata, perdi\u00f3 cinco hect\u00e1reas en los \u00faltimos a\u00f1os por su deterioro. As\u00ed lo dio a conocer el titular de la Procuradur\u00eda Estatal de Medio Ambiente (PMA), Sergio Rodr\u00edguez Cort\u00e9s, quien a\u00f1adi\u00f3 que se iniciaron las labores de mantenimiento. El [&hellip;]<\/p>\n","protected":false},"author":2476,"featured_media":35494,"comment_status":"open","ping_status":"open","sticky":false,"template":"","format":"standard","meta":{"_jetpack_memberships_contains_paid_content":false,"footnotes":""},"categories":[8],"tags":[],"class_list":["post-35493","post","type-post","status-publish","format-standard","has-post-thumbnail","hentry","category-region"],"jetpack_featured_media_url":"https:\/\/encuentroinformativo.com.mx\/wp-content\/uploads\/2023\/01\/db55c56a-e50b-4098-b125-005d478a454d.jpg","jetpack_sharing_enabled":true,"jetpack_likes_enabled":true,"amp_enabled":true,"_links":{"self":[{"href":"https:\/\/encuentroinformativo.com.mx\/index.php?rest_route=\/wp\/v2\/posts\/35493","targetHints":{"allow":["GET"]}}],"collection":[{"href":"https:\/\/encuentroinformativo.com.mx\/index.php?rest_route=\/wp\/v2\/posts"}],"about":[{"href":"https:\/\/encuentroinformativo.com.mx\/index.php?rest_route=\/wp\/v2\/types\/post"}],"author":[{"embeddable":true,"href":"https:\/\/encuentroinformativo.com.mx\/index.php?rest_route=\/wp\/v2\/users\/2476"}],"replies":[{"embeddable":true,"href":"https:\/\/encuentroinformativo.com.mx\/index.php?rest_route=%2Fwp%2Fv2%2Fcomments&post=35493"}],"version-history":[{"count":1,"href":"https:\/\/encuentroinformativo.com.mx\/index.php?rest_route=\/wp\/v2\/posts\/35493\/revisions"}],"predecessor-version":[{"id":35495,"href":"https:\/\/encuentroinformativo.com.mx\/index.php?rest_route=\/wp\/v2\/posts\/35493\/revisions\/35495"}],"wp:featuredmedia":[{"embeddable":true,"href":"https:\/\/encuentroinformativo.com.mx\/index.php?rest_route=\/wp\/v2\/media\/35494"}],"wp:attachment":[{"href":"https:\/\/encuentroinformativo.com.mx\/index.php?rest_route=%2Fwp%2Fv2%2Fmedia&parent=35493"}],"wp:term":[{"taxonomy":"category","embeddable":true,"href":"https:\/\/encuentroinformativo.com.mx\/index.php?rest_route=%2Fwp%2Fv2%2Fcategories&post=35493"},{"taxonomy":"post_tag","embeddable":true,"href":"https:\/\/encuentroinformativo.com.mx\/index.php?rest_route=%2Fwp%2Fv2%2Ftags&post=35493"}],"curies":[{"name":"wp","href":"https:\/\/api.w.org\/{rel}","templated":true}]}}